{"id":23867,"date":"2022-02-23T09:22:13","date_gmt":"2022-02-23T15:22:13","guid":{"rendered":"https:\/\/encuentroinformativo.com.mx\/?p=23867"},"modified":"2022-02-23T09:22:17","modified_gmt":"2022-02-23T15:22:17","slug":"en-movimiento-el-mxj","status":"publish","type":"post","link":"https:\/\/encuentroinformativo.com.mx\/?p=23867","title":{"rendered":"En Movimiento el MxJ"},"content":{"rendered":"\n<p><strong>Los Pol\u00edticos<\/strong><\/p>\n\n\n\n<p><strong>Salvador Mu\u00f1oz<\/strong><\/p>\n\n\n\n<p>Al parecer, el Movimiento por la Justicia ya dio resultados \u00a1y ya salieron 7 por un lado y tres por el otro!<\/p>\n\n\n\n<p>Bueno, la idea b\u00e1sica de este MxJ era atender asuntos propios de los delitos que amparados por el delito de Ultrajes se estaban cometiendo en agravio de los ciudadanos y de uno que otro pol\u00edtico, aunque si en la movida llegan a Veracruz senadores a defender a Cuic \u201ca toro pasado\u201d y tambi\u00e9n por ah\u00ed, ya hay tres precandidatos al 2024, se debe considerar esto como ganancia\u2026 no para el ciudadano, sino para el Gobierno en turno y para los pol\u00edticos en el juego.<\/p>\n\n\n\n<p>Tengo la seguridad\u2026 bueno, no, \u00a1\u00e9sa la tiene Cuic!, tengo la certeza que Movimiento por la Justicia debe estar en sesudas reuniones, pl\u00e1ticas y acuerdos con abogados especialistas para enmendar la plana no s\u00f3lo a Garc\u00eda Jim\u00e9nez, sino de paso, en una de \u00e9sas, hasta a los diputados que defienden la posici\u00f3n de quien consideran su jefe inmediato y que no es el ciudadano que vot\u00f3 por ellos\u2026 quiz\u00e1s por eso, porque anda en chinga el MxJ trabajando, es que hasta el pasado lunes, ni quien se acordara de ellos\u2026 hasta que a Cuic, o sepa a qui\u00e9n, se le ocurri\u00f3 tomar el aventador de mano para avivar \u201clas pavesas de aquel inmenso amor\u201d, dijera Manolo Mu\u00f1oz\u2026<\/p>\n\n\n\n<p>Como si no hubiera nada m\u00e1s importante que hacer, siete senadores se preocupan m\u00e1s por arropar a un Gobernador que en las tareas propias de su encomienda en el esca\u00f1o y de su estado, porque de esos siete, cinco andan de mitoteros por ac\u00e1 (ay s\u00ed! van a decir que son Senadores de la Rep\u00fablica y abarcan todo)\u2026 as\u00ed, exactamente como lo hizo en su momento Ricardo Monreal quien vino a hacerle la chamba a alg\u00fan litigante para que de Senador, pasara a Abogado de v\u00edctimas del tremendo Jorge Ch\u00e1vez, el particular de Bola 8.<\/p>\n\n\n\n<p>Aunque por otro lado, los fans de uno que otro integrante del Movimiento por la Justicia se han encargado de andar promoviendo a Dante Delgado y Pepe Yunes como precandidatos a la gubernatura para este 2024\u2026 el de Naranja ha pedido prudencia mientras que el de Perote, ni p\u00edo ha dicho.<\/p>\n\n\n\n<p>Cosa contraria a Julen Rementer\u00eda quien alza la mano para confirmar sus aspiraciones por la Gubernatura\u2026<\/p>\n\n\n\n<p>Hay quienes ven en Dante Delgado y Julen Rementer\u00eda ya \u201ctatas\u201d para aventurarse a un proceso electoral y m\u00e1s por el tama\u00f1o del estado\u2026 \u00a1calmantes montes! Si bien Dante tiene 71 a\u00f1os, al menos se ve con mejor aspecto que AMLO, que tiene 68 pero parece \u201cde Guanajuato\u201d\u2026 aunque en descargo tanto del de Alvarado como del de Macuspana, el veracruzano Ruiz Cortines echar\u00eda abajo los discursos anti-gerontocr\u00e1ticos con su \u201c\u00bfme quieren para gobernar o como semental?\u201d<\/p>\n\n\n\n<p>En el caso de Julen, la testa blanca lo traiciona y dijeran por ah\u00ed: \u00a1las canas arriba, las ganas abajo! pues Rementer\u00eda del Puerto apenas tiene 61 a\u00f1os, un mochuelo, un escuincle, \u00a1chamac\u00f3n! S\u00f3lo que est\u00e1 corrido por terracer\u00eda\u2026<\/p>\n\n\n\n<p>Pepe Yunes tiene 52 a\u00f1os, en la flor de la vida como el que escribe\u2026 un a\u00f1o menos que a quien la democracia le dio la oportunidad de gobernar Veracruz.<\/p>\n\n\n\n<p>Como sea, el delito de Ultrajes sigue dando de qu\u00e9 hablar y para dar quehacer\u2026 porque por un lado, pone en Modo Turista a Senadores; pone a Senadores y Diputados en Modo Justiciero; y de refil\u00f3n, pone a tres del MxJ en Modo Candidateable\u2026 ya nada m\u00e1s falta que el Congreso local derogue A Modo el delito de Ultrajes, con eso de que gracias a ello se detiene a los delincuentes aun cuando se pase por encima de los derechos humanos de los ciudadanos\u2026<\/p>\n\n\n\n<p><a>smcainito@gmail.com<\/a><\/p>\n","protected":false},"excerpt":{"rendered":"<p>Los Pol\u00edticos Salvador Mu\u00f1oz Al parecer, el Movimiento por la Justicia ya dio resultados \u00a1y ya salieron 7 por un lado y tres por el otro! Bueno, la idea b\u00e1sica de este MxJ era atender asuntos propios de los delitos que amparados por el delito de Ultrajes se estaban cometiendo en agravio de los ciudadanos [&hellip;]<\/p>\n","protected":false},"author":1,"featured_media":387,"comment_status":"open","ping_status":"open","sticky":false,"template":"","format":"standard","meta":{"_jetpack_memberships_contains_paid_content":false,"footnotes":""},"categories":[11],"tags":[],"class_list":["post-23867","post","type-post","status-publish","format-standard","has-post-thumbnail","hentry","category-opinion"],"jetpack_featured_media_url":"https:\/\/encuentroinformativo.com.mx\/wp-content\/uploads\/2020\/03\/7CF8A22B-2764-47BE-8F7F-38FE9E5D6A2F.jpeg","jetpack_sharing_enabled":true,"jetpack_likes_enabled":true,"amp_enabled":true,"_links":{"self":[{"href":"https:\/\/encuentroinformativo.com.mx\/index.php?rest_route=\/wp\/v2\/posts\/23867","targetHints":{"allow":["GET"]}}],"collection":[{"href":"https:\/\/encuentroinformativo.com.mx\/index.php?rest_route=\/wp\/v2\/posts"}],"about":[{"href":"https:\/\/encuentroinformativo.com.mx\/index.php?rest_route=\/wp\/v2\/types\/post"}],"author":[{"embeddable":true,"href":"https:\/\/encuentroinformativo.com.mx\/index.php?rest_route=\/wp\/v2\/users\/1"}],"replies":[{"embeddable":true,"href":"https:\/\/encuentroinformativo.com.mx\/index.php?rest_route=%2Fwp%2Fv2%2Fcomments&post=23867"}],"version-history":[{"count":1,"href":"https:\/\/encuentroinformativo.com.mx\/index.php?rest_route=\/wp\/v2\/posts\/23867\/revisions"}],"predecessor-version":[{"id":23868,"href":"https:\/\/encuentroinformativo.com.mx\/index.php?rest_route=\/wp\/v2\/posts\/23867\/revisions\/23868"}],"wp:featuredmedia":[{"embeddable":true,"href":"https:\/\/encuentroinformativo.com.mx\/index.php?rest_route=\/wp\/v2\/media\/387"}],"wp:attachment":[{"href":"https:\/\/encuentroinformativo.com.mx\/index.php?rest_route=%2Fwp%2Fv2%2Fmedia&parent=23867"}],"wp:term":[{"taxonomy":"category","embeddable":true,"href":"https:\/\/encuentroinformativo.com.mx\/index.php?rest_route=%2Fwp%2Fv2%2Fcategories&post=23867"},{"taxonomy":"post_tag","embeddable":true,"href":"https:\/\/encuentroinformativo.com.mx\/index.php?rest_route=%2Fwp%2Fv2%2Ftags&post=23867"}],"curies":[{"name":"wp","href":"https:\/\/api.w.org\/{rel}","templated":true}]}}