{"id":23869,"date":"2022-02-23T10:50:24","date_gmt":"2022-02-23T16:50:24","guid":{"rendered":"https:\/\/encuentroinformativo.com.mx\/?p=23869"},"modified":"2022-02-23T13:16:52","modified_gmt":"2022-02-23T19:16:52","slug":"anuncian-reapertura-de-unidad-deportiva-valentin-ruiz-obregon","status":"publish","type":"post","link":"https:\/\/encuentroinformativo.com.mx\/?p=23869","title":{"rendered":"Anuncian reapertura de Unidad Deportiva &#8220;Valent\u00edn Ruiz Obreg\u00f3n&#8221;"},"content":{"rendered":"\n<p><strong>Alejandro \u00c1vila<\/strong><\/p>\n\n\n\n<p>Boca del R\u00edo, Ver.- Cuarenta y uno meses despu\u00e9s, el Instituto Veracruzano del Deporte (IVD) finalmente abrir\u00e1 la Unidad Deportiva &#8220;Valent\u00edn Ruiz Obreg\u00f3n&#8221;, para la pr\u00e1ctica del f\u00fatbol infantil y juvenil.<\/p>\n\n\n\n<p>En rueda de prensa realizada en las instalaciones antes mencionadas, se present\u00f3 la Academia de F\u00fatbol &#8220;Leyes de Reforma&#8221;, misma que ser\u00e1 operada por el entrenador Juan Carlos Ram\u00f3n Ayala.<\/p>\n\n\n\n<p>Durante el evento se aclar\u00f3 que, la Liga Municipal de F\u00fatbol, queda totalmente desligada de esos campos deportivos; incluso, se\u00f1alaron que, se vislumbra crear una Liga Estudiantil, misma que pueda proyectar a nuevos valores a equipos profesionales.<\/p>\n\n\n\n<p>&#8220;Se tiene proyectado por parte del Instituto (Veracruzano del Deporte) crear una liga, se tiene pensado, todav\u00eda no est\u00e1 aterrizado, crear una Liga Escolar, una Liga Escolar con los chicos que sabemos que ahorita con la situaci\u00f3n de la pandemia no est\u00e1n participando en lo que son los juegos deportivos escolares, queremos ver esa manera de crear una liga, donde las escuelas aleda\u00f1as o qui\u00e9n guste venir, puede venir a practicar en alg\u00fan torneo con nosotros podemos sacar&#8221;, apunt\u00f3 Jos\u00e9 Alberto Nava, director del IVD.<\/p>\n\n\n\n<p>Cabe recordar qu\u00e9 dichas instalaciones deportivas fueron cerradas en octubre del 2018, cu\u00e1ndo la anterior directora del IVD, \u00c1ngeles Ortiz Hern\u00e1ndez, solicit\u00f3 mediante oficio el pr\u00e9stamo de la Unidad Deportiva a la Liga Municipal de Veracruz (qui\u00e9n ten\u00eda en comodato los campos), para poder colocar equipo audiovisual y de log\u00edstica para 5 conciertos musicales qu\u00e9 se realizar\u00edan en el recinto adjunto, el estadio de b\u00e9isbol &#8220;Beto \u00c1vila&#8221;.<\/p>\n\n\n\n<p>Desde esa fecha la Unidad Deportiva fue clausurada y las instalaciones comenzaron a deteriorarse, tambi\u00e9n a finales del 2019 y principios del 2020, padres de familia y alumnos de la Liga Municipal de Futbol, realizaron diversas manifestaciones para que les devolvieran el lugar, sin obtener respuestas favorables.<\/p>\n\n\n\n<p>Finalmente, tras m\u00e1s de 3 a\u00f1os de espera, las puertas de la Unidad Deportiva &#8220;Valent\u00edn Ruiz Obreg\u00f3n&#8221;, se volver\u00e1n a abrir este lunes 28 de febrero, para recibir alumnos de las categor\u00edas infantil y juvenil, que entrenar\u00e1n de lunes a viernes, de 4 a 7 de la noche.<\/p>\n","protected":false},"excerpt":{"rendered":"<p>Alejandro \u00c1vila Boca del R\u00edo, Ver.- Cuarenta y uno meses despu\u00e9s, el Instituto Veracruzano del Deporte (IVD) finalmente abrir\u00e1 la Unidad Deportiva &#8220;Valent\u00edn Ruiz Obreg\u00f3n&#8221;, para la pr\u00e1ctica del f\u00fatbol infantil y juvenil. En rueda de prensa realizada en las instalaciones antes mencionadas, se present\u00f3 la Academia de F\u00fatbol &#8220;Leyes de Reforma&#8221;, misma que ser\u00e1 [&hellip;]<\/p>\n","protected":false},"author":1,"featured_media":23870,"comment_status":"open","ping_status":"open","sticky":false,"template":"","format":"standard","meta":{"_jetpack_memberships_contains_paid_content":false,"footnotes":""},"categories":[2],"tags":[],"class_list":["post-23869","post","type-post","status-publish","format-standard","has-post-thumbnail","hentry","category-estado"],"jetpack_featured_media_url":"https:\/\/encuentroinformativo.com.mx\/wp-content\/uploads\/2022\/02\/B0EBB7CA-F68A-46B2-A7B7-712CE2E764AD.jpeg","jetpack_sharing_enabled":true,"jetpack_likes_enabled":true,"amp_enabled":true,"_links":{"self":[{"href":"https:\/\/encuentroinformativo.com.mx\/index.php?rest_route=\/wp\/v2\/posts\/23869","targetHints":{"allow":["GET"]}}],"collection":[{"href":"https:\/\/encuentroinformativo.com.mx\/index.php?rest_route=\/wp\/v2\/posts"}],"about":[{"href":"https:\/\/encuentroinformativo.com.mx\/index.php?rest_route=\/wp\/v2\/types\/post"}],"author":[{"embeddable":true,"href":"https:\/\/encuentroinformativo.com.mx\/index.php?rest_route=\/wp\/v2\/users\/1"}],"replies":[{"embeddable":true,"href":"https:\/\/encuentroinformativo.com.mx\/index.php?rest_route=%2Fwp%2Fv2%2Fcomments&post=23869"}],"version-history":[{"count":2,"href":"https:\/\/encuentroinformativo.com.mx\/index.php?rest_route=\/wp\/v2\/posts\/23869\/revisions"}],"predecessor-version":[{"id":23881,"href":"https:\/\/encuentroinformativo.com.mx\/index.php?rest_route=\/wp\/v2\/posts\/23869\/revisions\/23881"}],"wp:featuredmedia":[{"embeddable":true,"href":"https:\/\/encuentroinformativo.com.mx\/index.php?rest_route=\/wp\/v2\/media\/23870"}],"wp:attachment":[{"href":"https:\/\/encuentroinformativo.com.mx\/index.php?rest_route=%2Fwp%2Fv2%2Fmedia&parent=23869"}],"wp:term":[{"taxonomy":"category","embeddable":true,"href":"https:\/\/encuentroinformativo.com.mx\/index.php?rest_route=%2Fwp%2Fv2%2Fcategories&post=23869"},{"taxonomy":"post_tag","embeddable":true,"href":"https:\/\/encuentroinformativo.com.mx\/index.php?rest_route=%2Fwp%2Fv2%2Ftags&post=23869"}],"curies":[{"name":"wp","href":"https:\/\/api.w.org\/{rel}","templated":true}]}}