{"id":23882,"date":"2022-02-23T13:40:42","date_gmt":"2022-02-23T19:40:42","guid":{"rendered":"https:\/\/encuentroinformativo.com.mx\/?p=23882"},"modified":"2022-02-23T13:40:45","modified_gmt":"2022-02-23T19:40:45","slug":"seguira-revision-de-caso-de-july-n-senalan-abogados","status":"publish","type":"post","link":"https:\/\/encuentroinformativo.com.mx\/?p=23882","title":{"rendered":"Seguir\u00e1 revisi\u00f3n de caso de July \u201cN\u201d, se\u00f1alan abogados"},"content":{"rendered":"\n<p><strong>Dar\u00edo Pale<\/strong><\/p>\n\n\n\n<p>Xalapa, Ver.- Al gobernador de Veracruz Cuitl\u00e1huac Garc\u00eda Jim\u00e9nez ya se le venci\u00f3 el el t\u00e9rmino para probar que cumpli\u00f3 con la recomendaci\u00f3n emitida por la Comisi\u00f3n Nacional de Derechos Humanos, en relaci\u00f3n a la derogaci\u00f3n del delito de ultrajes a la autoridad, as\u00ed lo dio a conocer el abogado penalista Tom\u00e1s Mundo Arriasa.<\/p>\n\n\n\n<p>Entrevistado en conocida universidad de la avenida L\u00e1zaro C\u00e1rdenas, se\u00f1al\u00f3 que en el caso de la recomendaci\u00f3n de July &#8220;N&#8221;, presunta participante del crimen de la rectora de la Universidad Valladolid, Guadalupe Mart\u00ednez Aguilar; el Abogado expres\u00f3 que la detenida forma parte del grupo de casos que los abogados integrantes del Movimiento por la Justicia revisar\u00e1.<\/p>\n\n\n\n<p>Indic\u00f3 que el Protocolo de Estambul defini\u00f3 que hubo tortura por parte de los polic\u00edas, adem\u00e1s de que ya existe una denuncia presentada por la familia contra los elementos policiacos quienes se mofaron, adem\u00e1s de que la Fiscal\u00eda determin\u00f3 que no hab\u00eda delito que perseguir.<\/p>\n\n\n\n<p>&#8220;Vamos a presentar nosotros la denuncia en contra de los polic\u00edas, vamos a dar los nombres de qui\u00e9nes son y cu\u00e1les son las pruebas. El Protocolo de Estambul afecta y ataca dos cuestiones fundamentales: lo psicol\u00f3gico y lo m\u00e9dico y, en ambos casos tenemos a los peritos expertos con nosotros&#8221;, asegur\u00f3.<\/p>\n\n\n\n<p>Mundo Arriasa agreg\u00f3 que la denuncia ser\u00e1 contra los polic\u00edas ministeriales quienes habr\u00edan incurrido en la tortura y violencia sexual contra July &#8220;N&#8221;, lo que concluye en una causa fundamental para que la acusada salga en libertad.<\/p>\n\n\n\n<p>El abogado penalista reiter\u00f3 que quienes habr\u00edan incurrido en tortura y violencia sexual contra la detenida son polic\u00edas ministeriales de Veracruz.<\/p>\n\n\n\n<p>&#8220;Se van a identificar y vamos a identificar a todos y cada uno de ellos, lo m\u00e1s interesante de todo es que hay un Protocolo de Estambul que determin\u00f3 que hubo tortura a July, ahora hay que probarlo&#8221;, asever\u00f3.<\/p>\n\n\n\n<p>En el caso de los peritos que omitieron la revisi\u00f3n a la acusada que lleg\u00f3 con visibles huellas de tortura, sostuvo que tambi\u00e9n se debe proceder contra ellos.<\/p>\n\n\n\n<p>En otro orden de ideas en cuanto a la derogaci\u00f3n del delito de ultrajes a la autoridad se\u00f1al\u00f3 que ya se le venci\u00f3 plazo al Gobernador, si no cumple con derogaci\u00f3n de ultrajes comparecer\u00e1 ante el Senado, por lo tanto, si en 15 d\u00edas no demuestra que ya cumpli\u00f3, la Suprema Corte de Justicia de la Naci\u00f3n lo podr\u00e1 citar a \u00e9l y a la fiscal general, Ver\u00f3nica Hern\u00e1ndez Giad\u00e1ns, que es a quienes el organismo defensor de derechos humanos envi\u00f3 la recomendaci\u00f3n, por la detenci\u00f3n ilegal de seis j\u00f3venes, por el delito de ultrajes a la autoridad.<\/p>\n\n\n\n<p>En relaci\u00f3n a lo dicho por los diputados locales en el sentido de que no hay plazos, sostuvo que eso es un litigio, lo que ellos har\u00e1n es hacer valer el art\u00edculo 46 de la Ley que rige a la CNDH, que claramente define que el Gobernador tiene 15 d\u00edas para decir que acepta o no la recomendaci\u00f3n.<\/p>\n\n\n\n<p>Aunque ya dijo que s\u00ed, posteriormente tiene 15 d\u00edas para probar que dio cumplimiento a la recomendaci\u00f3n y si no cumple, el Senado de la Rep\u00fablica est\u00e1 facultado para citarlo y que comparezca.<\/p>\n\n\n\n<p>&#8220;Si no cumple ante todo esto, la CNDH est\u00e1 facultada para presentar denuncias en contra de \u00e9l y de la Fiscal\u00eda, estamos yo creo&#8230;que la semana que entra deber\u00e1 estar en el Senado de la Rep\u00fablica&#8221;, afirm\u00f3.<\/p>\n\n\n\n<p>Si no lo hacen, tanto el Mandatario como la Fiscal, los abogados seguir\u00e1n otras v\u00edas: platicar con los diputados locales para que se derogue s\u00ed o s\u00ed el delito y, iremos a la Corte.<\/p>\n\n\n\n<p>Finalmente dio a conocer que la CNDH pidi\u00f3 que se derogue el delito, por eso, sostuvo que ya se le venci\u00f3 el plazo para que le d\u00e9 cumplimiento a dicha recomendaci\u00f3n.<\/p>\n","protected":false},"excerpt":{"rendered":"<p>Dar\u00edo Pale Xalapa, Ver.- Al gobernador de Veracruz Cuitl\u00e1huac Garc\u00eda Jim\u00e9nez ya se le venci\u00f3 el el t\u00e9rmino para probar que cumpli\u00f3 con la recomendaci\u00f3n emitida por la Comisi\u00f3n Nacional de Derechos Humanos, en relaci\u00f3n a la derogaci\u00f3n del delito de ultrajes a la autoridad, as\u00ed lo dio a conocer el abogado penalista Tom\u00e1s Mundo [&hellip;]<\/p>\n","protected":false},"author":1,"featured_media":23883,"comment_status":"open","ping_status":"open","sticky":false,"template":"","format":"standard","meta":{"_jetpack_memberships_contains_paid_content":false,"footnotes":""},"categories":[3],"tags":[],"class_list":["post-23882","post","type-post","status-publish","format-standard","has-post-thumbnail","hentry","category-xalapa"],"jetpack_featured_media_url":"https:\/\/encuentroinformativo.com.mx\/wp-content\/uploads\/2022\/02\/C97E8889-91E7-4C6C-BC06-3A0279E3F447.jpeg","jetpack_sharing_enabled":true,"jetpack_likes_enabled":true,"amp_enabled":true,"_links":{"self":[{"href":"https:\/\/encuentroinformativo.com.mx\/index.php?rest_route=\/wp\/v2\/posts\/23882","targetHints":{"allow":["GET"]}}],"collection":[{"href":"https:\/\/encuentroinformativo.com.mx\/index.php?rest_route=\/wp\/v2\/posts"}],"about":[{"href":"https:\/\/encuentroinformativo.com.mx\/index.php?rest_route=\/wp\/v2\/types\/post"}],"author":[{"embeddable":true,"href":"https:\/\/encuentroinformativo.com.mx\/index.php?rest_route=\/wp\/v2\/users\/1"}],"replies":[{"embeddable":true,"href":"https:\/\/encuentroinformativo.com.mx\/index.php?rest_route=%2Fwp%2Fv2%2Fcomments&post=23882"}],"version-history":[{"count":1,"href":"https:\/\/encuentroinformativo.com.mx\/index.php?rest_route=\/wp\/v2\/posts\/23882\/revisions"}],"predecessor-version":[{"id":23884,"href":"https:\/\/encuentroinformativo.com.mx\/index.php?rest_route=\/wp\/v2\/posts\/23882\/revisions\/23884"}],"wp:featuredmedia":[{"embeddable":true,"href":"https:\/\/encuentroinformativo.com.mx\/index.php?rest_route=\/wp\/v2\/media\/23883"}],"wp:attachment":[{"href":"https:\/\/encuentroinformativo.com.mx\/index.php?rest_route=%2Fwp%2Fv2%2Fmedia&parent=23882"}],"wp:term":[{"taxonomy":"category","embeddable":true,"href":"https:\/\/encuentroinformativo.com.mx\/index.php?rest_route=%2Fwp%2Fv2%2Fcategories&post=23882"},{"taxonomy":"post_tag","embeddable":true,"href":"https:\/\/encuentroinformativo.com.mx\/index.php?rest_route=%2Fwp%2Fv2%2Ftags&post=23882"}],"curies":[{"name":"wp","href":"https:\/\/api.w.org\/{rel}","templated":true}]}}