{"id":23895,"date":"2022-02-23T15:03:49","date_gmt":"2022-02-23T21:03:49","guid":{"rendered":"https:\/\/encuentroinformativo.com.mx\/?p=23895"},"modified":"2022-02-23T15:03:52","modified_gmt":"2022-02-23T21:03:52","slug":"detienen-a-sobreviviente-de-balacera-en-rio-medio-en-veracruz-puerto","status":"publish","type":"post","link":"https:\/\/encuentroinformativo.com.mx\/?p=23895","title":{"rendered":"Detienen a sobreviviente de balacera en R\u00edo Medio en Veracruz puerto"},"content":{"rendered":"\n<p><strong>Alejandro \u00c1vila<\/strong><\/p>\n\n\n\n<p>Veracruz, Ver.- La persona que sobrevivi\u00f3 a la balacera del pasado lunes 14 de febrero en la colonia R\u00edo Medio II, fue detenido por elementos de la Polic\u00eda Ministerial, por la posesi\u00f3n del veh\u00edculo que presentaba reporte de robo.<\/p>\n\n\n\n<p>El detenido identificado como Arturo &#8220;N&#8221;, iba a bordo -el d\u00eda del suceso- de la camioneta marca Jeep tipo Grand Cherokee, color blanca, la cual se encontraba blindada, cu\u00e1ndo sufrieron un ataque armado donde perdi\u00f3 la vida su hijo.<\/p>\n\n\n\n<p>Derivado de las investigaciones de la Fiscal\u00eda General del Estado, se pudo constatar que la unidad cuenta con reporte de robo, por lo cual le fue girada la orden de aprehensi\u00f3n.<\/p>\n\n\n\n<p>Es de recordar qu\u00e9, el ataque armado al cual sobrevivi\u00f3 Arturo &#8220;N&#8221;, se llev\u00f3 a cabo en la avenida Camino Real esquina R\u00edo Necaxa, en el fraccionamiento R\u00edo Medio II, d\u00f3nde tras una persecuci\u00f3n fueron rafagueados.<\/p>\n\n\n\n<p>Derivado de ese incidente, Arturo &#8220;N&#8221; fue llevado a un hospital para que atendieran sus heridas, y una vez que le fue dada el alta m\u00e9dica, los detectives hicieron efectiva la orden de aprehensi\u00f3n en su contra por el mencionado antijur\u00eddico.<\/p>\n\n\n\n<p>Se espera que en el transcurso de las pr\u00f3ximas horas, el se\u00f1alado sea presentado ante el juez que lo reclama para que responda conforme a derecho por las acusaciones en su contra y se determine su situaci\u00f3n legal.<\/p>\n","protected":false},"excerpt":{"rendered":"<p>Alejandro \u00c1vila Veracruz, Ver.- La persona que sobrevivi\u00f3 a la balacera del pasado lunes 14 de febrero en la colonia R\u00edo Medio II, fue detenido por elementos de la Polic\u00eda Ministerial, por la posesi\u00f3n del veh\u00edculo que presentaba reporte de robo. El detenido identificado como Arturo &#8220;N&#8221;, iba a bordo -el d\u00eda del suceso- de [&hellip;]<\/p>\n","protected":false},"author":1,"featured_media":23896,"comment_status":"open","ping_status":"open","sticky":false,"template":"","format":"standard","meta":{"_jetpack_memberships_contains_paid_content":false,"footnotes":""},"categories":[14],"tags":[],"class_list":["post-23895","post","type-post","status-publish","format-standard","has-post-thumbnail","hentry","category-policiaca"],"jetpack_featured_media_url":"https:\/\/encuentroinformativo.com.mx\/wp-content\/uploads\/2022\/02\/9293F9BC-D097-41DB-A6E8-7F0C39729788.jpeg","jetpack_sharing_enabled":true,"jetpack_likes_enabled":true,"amp_enabled":true,"_links":{"self":[{"href":"https:\/\/encuentroinformativo.com.mx\/index.php?rest_route=\/wp\/v2\/posts\/23895","targetHints":{"allow":["GET"]}}],"collection":[{"href":"https:\/\/encuentroinformativo.com.mx\/index.php?rest_route=\/wp\/v2\/posts"}],"about":[{"href":"https:\/\/encuentroinformativo.com.mx\/index.php?rest_route=\/wp\/v2\/types\/post"}],"author":[{"embeddable":true,"href":"https:\/\/encuentroinformativo.com.mx\/index.php?rest_route=\/wp\/v2\/users\/1"}],"replies":[{"embeddable":true,"href":"https:\/\/encuentroinformativo.com.mx\/index.php?rest_route=%2Fwp%2Fv2%2Fcomments&post=23895"}],"version-history":[{"count":1,"href":"https:\/\/encuentroinformativo.com.mx\/index.php?rest_route=\/wp\/v2\/posts\/23895\/revisions"}],"predecessor-version":[{"id":23897,"href":"https:\/\/encuentroinformativo.com.mx\/index.php?rest_route=\/wp\/v2\/posts\/23895\/revisions\/23897"}],"wp:featuredmedia":[{"embeddable":true,"href":"https:\/\/encuentroinformativo.com.mx\/index.php?rest_route=\/wp\/v2\/media\/23896"}],"wp:attachment":[{"href":"https:\/\/encuentroinformativo.com.mx\/index.php?rest_route=%2Fwp%2Fv2%2Fmedia&parent=23895"}],"wp:term":[{"taxonomy":"category","embeddable":true,"href":"https:\/\/encuentroinformativo.com.mx\/index.php?rest_route=%2Fwp%2Fv2%2Fcategories&post=23895"},{"taxonomy":"post_tag","embeddable":true,"href":"https:\/\/encuentroinformativo.com.mx\/index.php?rest_route=%2Fwp%2Fv2%2Ftags&post=23895"}],"curies":[{"name":"wp","href":"https:\/\/api.w.org\/{rel}","templated":true}]}}