{"id":23901,"date":"2022-02-23T15:29:20","date_gmt":"2022-02-23T21:29:20","guid":{"rendered":"https:\/\/encuentroinformativo.com.mx\/?p=23901"},"modified":"2022-02-23T15:29:32","modified_gmt":"2022-02-23T21:29:32","slug":"alcaldesa-responsable-de-protestas-en-tecnologico-de-alvarado-senala-gobernador","status":"publish","type":"post","link":"https:\/\/encuentroinformativo.com.mx\/?p=23901","title":{"rendered":"Alcaldesa responsable de protestas en Tecnol\u00f3gico de Alvarado, se\u00f1ala Gobernador"},"content":{"rendered":"\n<p><strong>Dar\u00edo Pale<\/strong><\/p>\n\n\n\n<p>Xalapa, Ver.- El gobernador del estado Cuitl\u00e1huac Garc\u00eda Jim\u00e9nez dio a conocer que se investiga a la alcaldesa de Alvarado, Lizzette \u00c1lvarez Vera, por presuntos nexos con el narco, al igual que la toma del Instituto Tecnol\u00f3gico de Alvarado.<\/p>\n\n\n\n<p>En conferencia de prensa realizada en palacio de gobierno declar\u00f3 que es la Fiscal\u00eda General del Estado (FGE), quien est\u00e1 llevando la investigaci\u00f3n, pues meses atr\u00e1s se le vio con un grupo de personas ligadas al crimen organizado.<\/p>\n\n\n\n<p>&#8220;Hay una investigaci\u00f3n en curso (&#8230;) la probable responsabilidad por re\u00fanes que sostuvo con personas que creemos est\u00e1n ligadas a la delincuencia organizada&#8221;, se\u00f1al\u00f3.<\/p>\n\n\n\n<p>Insisti\u00f3 en que no podr\u00eda dar m\u00e1s datos porque el caso est\u00e1 en manos de la FGE y \u00a0o en la de gobierno del estado. &#8220;Recuerden que lo de nosotros est\u00e1 actuar, nosotros tenemos que investigar , nosotros tenemos que hacer nuestra propia indagaci\u00f3n&#8221;, coment\u00f3.<\/p>\n\n\n\n<p>Y es que este martes, la alcaldesa de Alvarado fue se\u00f1alada de intervenir tambi\u00e9n en la toma del Instituto del Tecnol\u00f3gico de Alvarado, por lo que se le podr\u00eda estar abriendo una nueva investigaci\u00f3n por parte de la Secretar\u00eda de Educaci\u00f3n de Veracruz.<\/p>\n\n\n\n<p>&#8220;Separemos eso, con la atenci\u00f3n que hoy se le est\u00e1 dando a los estudiantes, son cosas que se tienen que separar&#8221;, dijo en la conferencia.<\/p>\n\n\n\n<p>En otro orden de ideas coment\u00f3 que ya se investiga la toma del Instituto Tecnol\u00f3gico de Alvarado, pues se\u00f1al\u00f3 puede haber intereses particulares que han afectado la educaci\u00f3n de la comunidad estudiantil.<\/p>\n\n\n\n<p>Expuso que ya se envi\u00f3 al director de tecnol\u00f3gicos de la Secretar\u00eda de Educaci\u00f3n de \u00a0Veracruz para averiguar la situaci\u00f3n \u00a0y ver de qu\u00e9 manera se puede solucionar.<\/p>\n\n\n\n<p>El Ejecutivo estatal mencion\u00f3 que hay una persona, la cual fue candidato del partido Podemos en el pasado proceso electoral,Tom\u00e1s Hip\u00f3lito Tiburcio, adem\u00e1s de la alcaldesa de Alvarado Lizzette \u00c1lvarez Vera quienes est\u00e1n \u00a0detr\u00e1s de la toma de las instalaciones del tecnol\u00f3gico. El prop\u00f3sito, dijo, son pagos pol\u00edticos y por ello van por la direcci\u00f3n de esa instituci\u00f3n.<\/p>\n\n\n\n<p>Hay que mencionar que los estudiantes tomaron, desde el pasado martes 22 de febrero las instalaciones del Instituto Tecnol\u00f3gico Alvarado esta ma\u00f1ana, denunciando inconformidades como la falta de equipo y mal estado que guarda el edificio.\u00a0<br>Se trata de 500 estudiantes los que acusan de manera directa a Miguel Hern\u00e1ndez Linares de malos manejos administrativos.<\/p>\n\n\n\n<p>Por \u00faltimo en ese sentido, el gobernador de Veracruz, dijo que no se va a permitir este tipo de irregularidades, y las cuales pudieran estar ligadas a beneficios personales, y es que dijo es probable que se tenga relaci\u00f3n con autoridades municipales.<\/p>\n","protected":false},"excerpt":{"rendered":"<p>Dar\u00edo Pale Xalapa, Ver.- El gobernador del estado Cuitl\u00e1huac Garc\u00eda Jim\u00e9nez dio a conocer que se investiga a la alcaldesa de Alvarado, Lizzette \u00c1lvarez Vera, por presuntos nexos con el narco, al igual que la toma del Instituto Tecnol\u00f3gico de Alvarado. En conferencia de prensa realizada en palacio de gobierno declar\u00f3 que es la Fiscal\u00eda [&hellip;]<\/p>\n","protected":false},"author":1,"featured_media":23902,"comment_status":"open","ping_status":"open","sticky":false,"template":"","format":"standard","meta":{"_jetpack_memberships_contains_paid_content":false,"footnotes":""},"categories":[2],"tags":[],"class_list":["post-23901","post","type-post","status-publish","format-standard","has-post-thumbnail","hentry","category-estado"],"jetpack_featured_media_url":"https:\/\/encuentroinformativo.com.mx\/wp-content\/uploads\/2022\/02\/F8FDE16D-AE9A-4886-9528-4F7F5E044F29.jpeg","jetpack_sharing_enabled":true,"jetpack_likes_enabled":true,"amp_enabled":true,"_links":{"self":[{"href":"https:\/\/encuentroinformativo.com.mx\/index.php?rest_route=\/wp\/v2\/posts\/23901","targetHints":{"allow":["GET"]}}],"collection":[{"href":"https:\/\/encuentroinformativo.com.mx\/index.php?rest_route=\/wp\/v2\/posts"}],"about":[{"href":"https:\/\/encuentroinformativo.com.mx\/index.php?rest_route=\/wp\/v2\/types\/post"}],"author":[{"embeddable":true,"href":"https:\/\/encuentroinformativo.com.mx\/index.php?rest_route=\/wp\/v2\/users\/1"}],"replies":[{"embeddable":true,"href":"https:\/\/encuentroinformativo.com.mx\/index.php?rest_route=%2Fwp%2Fv2%2Fcomments&post=23901"}],"version-history":[{"count":1,"href":"https:\/\/encuentroinformativo.com.mx\/index.php?rest_route=\/wp\/v2\/posts\/23901\/revisions"}],"predecessor-version":[{"id":23903,"href":"https:\/\/encuentroinformativo.com.mx\/index.php?rest_route=\/wp\/v2\/posts\/23901\/revisions\/23903"}],"wp:featuredmedia":[{"embeddable":true,"href":"https:\/\/encuentroinformativo.com.mx\/index.php?rest_route=\/wp\/v2\/media\/23902"}],"wp:attachment":[{"href":"https:\/\/encuentroinformativo.com.mx\/index.php?rest_route=%2Fwp%2Fv2%2Fmedia&parent=23901"}],"wp:term":[{"taxonomy":"category","embeddable":true,"href":"https:\/\/encuentroinformativo.com.mx\/index.php?rest_route=%2Fwp%2Fv2%2Fcategories&post=23901"},{"taxonomy":"post_tag","embeddable":true,"href":"https:\/\/encuentroinformativo.com.mx\/index.php?rest_route=%2Fwp%2Fv2%2Ftags&post=23901"}],"curies":[{"name":"wp","href":"https:\/\/api.w.org\/{rel}","templated":true}]}}