{"id":23906,"date":"2022-02-23T15:47:16","date_gmt":"2022-02-23T21:47:16","guid":{"rendered":"https:\/\/encuentroinformativo.com.mx\/?p=23906"},"modified":"2022-02-23T15:47:19","modified_gmt":"2022-02-23T21:47:19","slug":"niegan-estudiantes-de-tecnologico-tintes-politicos-en-protestas","status":"publish","type":"post","link":"https:\/\/encuentroinformativo.com.mx\/?p=23906","title":{"rendered":"Niegan estudiantes de Tecnol\u00f3gico \u2018tintes pol\u00edticos\u2019 en protestas"},"content":{"rendered":"\n<p><strong>Alejandro \u00c1vila<\/strong><\/p>\n\n\n\n<p>Alvarado, Ver.- Los estudiantes del Instituto Tecnol\u00f3gico de Alvarado, qui\u00e9nes llevan dos d\u00edas de toma del plantel educativo, solicitaron la presencia del gobernador Cuitl\u00e1huac Garc\u00eda Jim\u00e9nez, para que constat\u00e9 que no existen tintes pol\u00edticos en su manifestaci\u00f3n.<\/p>\n\n\n\n<p>Los alumnos del ITSAV, aclararon que no son movidos por ninguna autoridad municipal o persona ajena a la comunidad estudiantil, y le expusieron al Ejecutivo estatal, su movimiento solo tiene la intenci\u00f3n de dar a conocer los problemas acad\u00e9micos y administrativos qu\u00e9 afectan a los j\u00f3venes de ense\u00f1anza Media Superior.<\/p>\n\n\n\n<p>Entre las situaciones que demandan est\u00e1n, la p\u00e9rdida de certificaci\u00f3n de calidad con la que contaba hasta hace unos a\u00f1os el ITSAV; falta de laboratorios, aires acondicionados, proyectores y pr\u00e1cticas de campo; la necesidad de salir del Campus para realizar trabajos, pues el plantel no cuenta con Internet; carencia de protocolos sanitarios y equipo m\u00e9dico o medicamentos; entre otros.<\/p>\n\n\n\n<p>&#8220;El director nunca se encuentra en la Instituci\u00f3n para resolver nuestros problemas (\u2026) para terminar, se\u00f1or gobernador Cuitl\u00e1huac, lo invitamos para que acuda de manera presencial al Instituto Tecnol\u00f3gico Superior de Alvarado, para que vea la realidad y escuch\u00e9 de viva voz a cada uno de nosotros, sin tintes pol\u00edticos, \u00a1no somos acarreados, somos estudiantes!&#8221;, gritaron al unisono.<\/p>\n\n\n\n<p>La toma del plantel educativo se realiz\u00f3 a primera hora de este martes, d\u00f3nde los estudiantes solicitaron la destituci\u00f3n del director, Miguel Hern\u00e1ndez Linares.<\/p>\n\n\n\n<p>Este mi\u00e9rcoles en rueda de prensa, el gobernador se\u00f1al\u00f3 qu\u00e9 el movimiento estudiantil obedece a tintes pol\u00edticos, espec\u00edficamente a un acuerdo entre la alcaldesa Lizzette \u00c1lvarez Vera y el ex candidato de Podemos, Tom\u00e1s Hip\u00f3lito Tiburcio; situaci\u00f3n de la cual se deslindan en su totalidad los j\u00f3venes.<\/p>\n","protected":false},"excerpt":{"rendered":"<p>Alejandro \u00c1vila Alvarado, Ver.- Los estudiantes del Instituto Tecnol\u00f3gico de Alvarado, qui\u00e9nes llevan dos d\u00edas de toma del plantel educativo, solicitaron la presencia del gobernador Cuitl\u00e1huac Garc\u00eda Jim\u00e9nez, para que constat\u00e9 que no existen tintes pol\u00edticos en su manifestaci\u00f3n. Los alumnos del ITSAV, aclararon que no son movidos por ninguna autoridad municipal o persona ajena [&hellip;]<\/p>\n","protected":false},"author":1,"featured_media":23907,"comment_status":"open","ping_status":"open","sticky":false,"template":"","format":"standard","meta":{"_jetpack_memberships_contains_paid_content":false,"footnotes":""},"categories":[2],"tags":[],"class_list":["post-23906","post","type-post","status-publish","format-standard","has-post-thumbnail","hentry","category-estado"],"jetpack_featured_media_url":"https:\/\/encuentroinformativo.com.mx\/wp-content\/uploads\/2022\/02\/BD795679-E0AA-4D72-BFA9-FB8BC0FC6F57.jpeg","jetpack_sharing_enabled":true,"jetpack_likes_enabled":true,"amp_enabled":true,"_links":{"self":[{"href":"https:\/\/encuentroinformativo.com.mx\/index.php?rest_route=\/wp\/v2\/posts\/23906","targetHints":{"allow":["GET"]}}],"collection":[{"href":"https:\/\/encuentroinformativo.com.mx\/index.php?rest_route=\/wp\/v2\/posts"}],"about":[{"href":"https:\/\/encuentroinformativo.com.mx\/index.php?rest_route=\/wp\/v2\/types\/post"}],"author":[{"embeddable":true,"href":"https:\/\/encuentroinformativo.com.mx\/index.php?rest_route=\/wp\/v2\/users\/1"}],"replies":[{"embeddable":true,"href":"https:\/\/encuentroinformativo.com.mx\/index.php?rest_route=%2Fwp%2Fv2%2Fcomments&post=23906"}],"version-history":[{"count":1,"href":"https:\/\/encuentroinformativo.com.mx\/index.php?rest_route=\/wp\/v2\/posts\/23906\/revisions"}],"predecessor-version":[{"id":23908,"href":"https:\/\/encuentroinformativo.com.mx\/index.php?rest_route=\/wp\/v2\/posts\/23906\/revisions\/23908"}],"wp:featuredmedia":[{"embeddable":true,"href":"https:\/\/encuentroinformativo.com.mx\/index.php?rest_route=\/wp\/v2\/media\/23907"}],"wp:attachment":[{"href":"https:\/\/encuentroinformativo.com.mx\/index.php?rest_route=%2Fwp%2Fv2%2Fmedia&parent=23906"}],"wp:term":[{"taxonomy":"category","embeddable":true,"href":"https:\/\/encuentroinformativo.com.mx\/index.php?rest_route=%2Fwp%2Fv2%2Fcategories&post=23906"},{"taxonomy":"post_tag","embeddable":true,"href":"https:\/\/encuentroinformativo.com.mx\/index.php?rest_route=%2Fwp%2Fv2%2Ftags&post=23906"}],"curies":[{"name":"wp","href":"https:\/\/api.w.org\/{rel}","templated":true}]}}