{"id":23909,"date":"2022-02-23T15:51:01","date_gmt":"2022-02-23T21:51:01","guid":{"rendered":"https:\/\/encuentroinformativo.com.mx\/?p=23909"},"modified":"2022-02-23T15:51:03","modified_gmt":"2022-02-23T21:51:03","slug":"impulsara-comision-cultura-de-prevencion-y-proteccion-civil-en-veracruz","status":"publish","type":"post","link":"https:\/\/encuentroinformativo.com.mx\/?p=23909","title":{"rendered":"Impulsar\u00e1 Comisi\u00f3n cultura de prevenci\u00f3n y protecci\u00f3n civil en Veracruz"},"content":{"rendered":"\n<p><strong>*Establecer\u00e1 v\u00ednculos con los gobiernos federal, estatal y municipal, para atender los temas prioritarios en materia de protecci\u00f3n civil y reducci\u00f3n de riesgos.<\/strong><\/p>\n\n\n\n<p>Xalapa, Ver.- Las diputadas Elizabeth Cervantes de la Cruz, Gisela L\u00f3pez L\u00f3pez e Illya Dolores Escobar Mart\u00ednez, presidenta, secretaria y vocal, respectivamente, de la Comisi\u00f3n Permanente de Protecci\u00f3n Civil de la LXVI Legislatura, aprobaron por unanimidad el Plan Anual de Trabajo que regir\u00e1 al ente legislativo para el primer a\u00f1o de ejercicio constitucional.<\/p>\n\n\n\n<p>El documento prioriza el fortalecimiento de la cultura de prevenci\u00f3n y protecci\u00f3n civil, as\u00ed como la reducci\u00f3n de riesgos de desastres, a trav\u00e9s de un trabajo coordinado con los tres niveles de gobierno cuyo objetivo sea la atenci\u00f3n de los temas prioritarios, las necesidades precisas de las localidades de la entidad, y una campa\u00f1a de informaci\u00f3n preventiva, dirigida a la poblaci\u00f3n vulnerable asentada en zonas de alto riesgo.<\/p>\n\n\n\n<p>En conjunto con la Secretar\u00eda de Protecci\u00f3n Civil (SPC) del Gobierno del Estado, se prev\u00e9 la implementaci\u00f3n de una estrategia de trabajo para las Unidades Municipales de Protecci\u00f3n Civil 2022, a trav\u00e9s de cuadernillos de trabajo, la plataforma digital para el dise\u00f1o de sus Programas Municipales y una gira por el estado que permita hacer llegar asistencia t\u00e9cnica y herramientas para coadyuvar al cumplimiento de sus responsabilidades legales.<\/p>\n\n\n\n<p>A trav\u00e9s de foros de discusi\u00f3n y mesas de di\u00e1logo con organizaciones de la sociedad civil, academia y expertos en la materia, y en coordinaci\u00f3n con la SPC, la instancia legislativa contempla realizar un an\u00e1lisis del marco jur\u00eddico vigente a fin de incluir perspectivas y sugerencias que abonen a la normatividad establecida de acuerdo con la Agenda 2030 para el Desarrollo Sostenible.<\/p>\n\n\n\n<p>Finalmente, la Comisi\u00f3n vigilar\u00e1 que en el Presupuesto de Egresos Estatal sean destinados los recursos necesarios para el cumplimiento de las metas y objetivos contenidos en el Plan Veracruzano de Desarrollo. Adem\u00e1s de verificar, a trav\u00e9s de las \u00e1reas de fiscalizaci\u00f3n y las comparecencias de las autoridades competentes, la debida aplicaci\u00f3n de los recursos en beneficio de la ciudadan\u00eda.<\/p>\n","protected":false},"excerpt":{"rendered":"<p>*Establecer\u00e1 v\u00ednculos con los gobiernos federal, estatal y municipal, para atender los temas prioritarios en materia de protecci\u00f3n civil y reducci\u00f3n de riesgos. Xalapa, Ver.- Las diputadas Elizabeth Cervantes de la Cruz, Gisela L\u00f3pez L\u00f3pez e Illya Dolores Escobar Mart\u00ednez, presidenta, secretaria y vocal, respectivamente, de la Comisi\u00f3n Permanente de Protecci\u00f3n Civil de la LXVI [&hellip;]<\/p>\n","protected":false},"author":1,"featured_media":23910,"comment_status":"open","ping_status":"open","sticky":false,"template":"","format":"standard","meta":{"_jetpack_memberships_contains_paid_content":false,"footnotes":""},"categories":[2],"tags":[],"class_list":["post-23909","post","type-post","status-publish","format-standard","has-post-thumbnail","hentry","category-estado"],"jetpack_featured_media_url":"https:\/\/encuentroinformativo.com.mx\/wp-content\/uploads\/2022\/02\/CBC26C39-B20E-4537-BA76-E578807D7C00.jpeg","jetpack_sharing_enabled":true,"jetpack_likes_enabled":true,"amp_enabled":true,"_links":{"self":[{"href":"https:\/\/encuentroinformativo.com.mx\/index.php?rest_route=\/wp\/v2\/posts\/23909","targetHints":{"allow":["GET"]}}],"collection":[{"href":"https:\/\/encuentroinformativo.com.mx\/index.php?rest_route=\/wp\/v2\/posts"}],"about":[{"href":"https:\/\/encuentroinformativo.com.mx\/index.php?rest_route=\/wp\/v2\/types\/post"}],"author":[{"embeddable":true,"href":"https:\/\/encuentroinformativo.com.mx\/index.php?rest_route=\/wp\/v2\/users\/1"}],"replies":[{"embeddable":true,"href":"https:\/\/encuentroinformativo.com.mx\/index.php?rest_route=%2Fwp%2Fv2%2Fcomments&post=23909"}],"version-history":[{"count":1,"href":"https:\/\/encuentroinformativo.com.mx\/index.php?rest_route=\/wp\/v2\/posts\/23909\/revisions"}],"predecessor-version":[{"id":23911,"href":"https:\/\/encuentroinformativo.com.mx\/index.php?rest_route=\/wp\/v2\/posts\/23909\/revisions\/23911"}],"wp:featuredmedia":[{"embeddable":true,"href":"https:\/\/encuentroinformativo.com.mx\/index.php?rest_route=\/wp\/v2\/media\/23910"}],"wp:attachment":[{"href":"https:\/\/encuentroinformativo.com.mx\/index.php?rest_route=%2Fwp%2Fv2%2Fmedia&parent=23909"}],"wp:term":[{"taxonomy":"category","embeddable":true,"href":"https:\/\/encuentroinformativo.com.mx\/index.php?rest_route=%2Fwp%2Fv2%2Fcategories&post=23909"},{"taxonomy":"post_tag","embeddable":true,"href":"https:\/\/encuentroinformativo.com.mx\/index.php?rest_route=%2Fwp%2Fv2%2Ftags&post=23909"}],"curies":[{"name":"wp","href":"https:\/\/api.w.org\/{rel}","templated":true}]}}