{"id":23912,"date":"2022-02-23T17:34:25","date_gmt":"2022-02-23T23:34:25","guid":{"rendered":"https:\/\/encuentroinformativo.com.mx\/?p=23912"},"modified":"2022-02-23T17:34:28","modified_gmt":"2022-02-23T23:34:28","slug":"exhorta-prd-a-dejar-la-grilla-politica-y-trabajar-por-los-veracruzanos","status":"publish","type":"post","link":"https:\/\/encuentroinformativo.com.mx\/?p=23912","title":{"rendered":"Exhorta PRD a dejar la &#8220;grilla pol\u00edtica&#8221; y trabajar por los veracruzanos"},"content":{"rendered":"\n<p><strong>Alejandro \u00c1vila<\/strong><\/p>\n\n\n\n<p>Veracruz, Ver.- La &#8220;grilla pol\u00edtica&#8221; de nada le sirve a la sociedad, se\u00f1al\u00f3 el presidente estatal del PRD, Sergio Cadena Mart\u00ednez, ante lo cual exhorto al gobernador, Cuitl\u00e1huac Garc\u00eda Jim\u00e9nez, a ponerse a trabajar por el bienestar de Veracruz.<\/p>\n\n\n\n<p>Hace apenas unos d\u00edas, record\u00f3 el perredista, El Ejecutivo Estatal insto a los veracruzanos a defender al presidente y sus proyectos de la Cuarta Transformaci\u00f3n, situaci\u00f3n que consider\u00f3 no es racional, pues solo polariza y divide a la sociedad; pues de esta manera existir\u00eda el grupo de los que apoyan al gobierno, y los que a su consideraci\u00f3n, son traidores a la patria<\/p>\n\n\n\n<p>\u201cLo que hace falta en M\u00e9xico y en Veracruz es un llamado a cerrar filas y sumar esfuerzos para salir adelante de la crisis econ\u00f3mica, pol\u00edtica y social en la en estamos inmersos.<\/p>\n\n\n\n<p>Son tiempos para enfrentar los grandes problemas nacionales y aquellos temas que afectan a quienes no consiguen empleo, que enfrentan la carest\u00eda de la vida y el desmedido aumento de precios; de apoyar sin demagogia a quienes viven en situaci\u00f3n de pobreza y de responder con hechos a quienes se preocupan por el futuro de sus hijos ante el aumento del rezago educativo y la deserci\u00f3n escolar de ni\u00f1os y j\u00f3venes\u201d, apunt\u00f3.&nbsp;<\/p>\n\n\n\n<p>Y concluy\u00f3 destacando que esos son los problemas que debemos enfrentar sumando esfuerzos, para lograr el desarrollo que necesita Veracruz y no para apoyar gobernantes fallidos sin resultados en m\u00e1s de tres a\u00f1os de gobierno.&nbsp;<\/p>\n\n\n\n<p>Porque dijo, no se puede ser solidario con quienes enga\u00f1an, maltratan y no atienden las necesidades de la poblaci\u00f3n.<\/p>\n","protected":false},"excerpt":{"rendered":"<p>Alejandro \u00c1vila Veracruz, Ver.- La &#8220;grilla pol\u00edtica&#8221; de nada le sirve a la sociedad, se\u00f1al\u00f3 el presidente estatal del PRD, Sergio Cadena Mart\u00ednez, ante lo cual exhorto al gobernador, Cuitl\u00e1huac Garc\u00eda Jim\u00e9nez, a ponerse a trabajar por el bienestar de Veracruz. Hace apenas unos d\u00edas, record\u00f3 el perredista, El Ejecutivo Estatal insto a los veracruzanos [&hellip;]<\/p>\n","protected":false},"author":1,"featured_media":23913,"comment_status":"open","ping_status":"open","sticky":false,"template":"","format":"standard","meta":{"_jetpack_memberships_contains_paid_content":false,"footnotes":""},"categories":[2],"tags":[],"class_list":["post-23912","post","type-post","status-publish","format-standard","has-post-thumbnail","hentry","category-estado"],"jetpack_featured_media_url":"https:\/\/encuentroinformativo.com.mx\/wp-content\/uploads\/2022\/02\/D51377CD-0589-4F04-B79F-B885D5F86498.jpeg","jetpack_sharing_enabled":true,"jetpack_likes_enabled":true,"amp_enabled":true,"_links":{"self":[{"href":"https:\/\/encuentroinformativo.com.mx\/index.php?rest_route=\/wp\/v2\/posts\/23912","targetHints":{"allow":["GET"]}}],"collection":[{"href":"https:\/\/encuentroinformativo.com.mx\/index.php?rest_route=\/wp\/v2\/posts"}],"about":[{"href":"https:\/\/encuentroinformativo.com.mx\/index.php?rest_route=\/wp\/v2\/types\/post"}],"author":[{"embeddable":true,"href":"https:\/\/encuentroinformativo.com.mx\/index.php?rest_route=\/wp\/v2\/users\/1"}],"replies":[{"embeddable":true,"href":"https:\/\/encuentroinformativo.com.mx\/index.php?rest_route=%2Fwp%2Fv2%2Fcomments&post=23912"}],"version-history":[{"count":1,"href":"https:\/\/encuentroinformativo.com.mx\/index.php?rest_route=\/wp\/v2\/posts\/23912\/revisions"}],"predecessor-version":[{"id":23914,"href":"https:\/\/encuentroinformativo.com.mx\/index.php?rest_route=\/wp\/v2\/posts\/23912\/revisions\/23914"}],"wp:featuredmedia":[{"embeddable":true,"href":"https:\/\/encuentroinformativo.com.mx\/index.php?rest_route=\/wp\/v2\/media\/23913"}],"wp:attachment":[{"href":"https:\/\/encuentroinformativo.com.mx\/index.php?rest_route=%2Fwp%2Fv2%2Fmedia&parent=23912"}],"wp:term":[{"taxonomy":"category","embeddable":true,"href":"https:\/\/encuentroinformativo.com.mx\/index.php?rest_route=%2Fwp%2Fv2%2Fcategories&post=23912"},{"taxonomy":"post_tag","embeddable":true,"href":"https:\/\/encuentroinformativo.com.mx\/index.php?rest_route=%2Fwp%2Fv2%2Ftags&post=23912"}],"curies":[{"name":"wp","href":"https:\/\/api.w.org\/{rel}","templated":true}]}}