{"id":23915,"date":"2022-02-23T19:01:42","date_gmt":"2022-02-24T01:01:42","guid":{"rendered":"https:\/\/encuentroinformativo.com.mx\/?p=23915"},"modified":"2022-02-23T19:01:45","modified_gmt":"2022-02-24T01:01:45","slug":"acusan-a-comision-de-busqueda-de-incumplir-protocolos","status":"publish","type":"post","link":"https:\/\/encuentroinformativo.com.mx\/?p=23915","title":{"rendered":"Acusan a Comision de B\u00fasqueda de incumplir protocolos"},"content":{"rendered":"\n<p><strong>Juan Arcos\/Dar\u00edo Pale <\/strong><\/p>\n\n\n\n<p>Xalapa, Ver.- Familiares de desaparecidos protestaron en Plaza Sebasti\u00e1n Lerdo de Tejada para denunciar que la Comisi\u00f3n Estatal de B\u00fasqueda ha incumplido los protocolos que permitan su localizaci\u00f3n.<\/p>\n\n\n\n<p>Las personas buscan a Luis Ronz\u00f3n Montiel, quien desapareci\u00f3 el 9 de enero de 2020 en el municipio de C\u00f3rdoba, as\u00ed como a Sergio Rueda Daniel y Liliana Rueda Daniel, originarios de Cholula, Puebla, tambi\u00e9n extraviados en C\u00f3rdoba.<\/p>\n\n\n\n<p>\u201cExigimos que la Comisi\u00f3n de B\u00fasqueda cumpla sus funciones\u201d, se lee en algunas de sus lonas y pancartas.<\/p>\n\n\n\n<p>Liliana y Sergio se dedicaban a prestar dinero pero recibieron una llamada de extorsi\u00f3n sobre el presunto secuestro de sus trabajadores y, posteriormente, emprendieron su viaje a la ciudad de C\u00f3rdoba. Despu\u00e9s de eso, se les perdi\u00f3 la pista.<\/p>\n\n\n\n<p>Sus familiares ganaron un amparo para que la Comisi\u00f3n Estatal de B\u00fasqueda de Veracruz act\u00fae en el caso.<\/p>\n\n\n\n<p>Nayeli Guarneros Sarandona, esposa de Sergio Rueda, acus\u00f3 que, pese a la instrucci\u00f3n de un juez federal, la mencionada comisi\u00f3n se niega a hacer su trabajo.<\/p>\n\n\n\n<p>\u201cComo instituci\u00f3n hay protocolos que debe de cumplir y que no ha querido, los ha negado y por eso hemos promovido un amparo y, a pesar de eso, ellos no quieren hacer sus actuaciones. Es lo incomprensible que, a pesar de que un juez federal les diga: s\u00ed, h\u00e1ganlo, ellos lo hacen\u201d, expres\u00f3.<\/p>\n\n\n\n<p>La entrevistada destac\u00f3 que hasta el momento no hay un plan de b\u00fasqueda por parte de la comisi\u00f3n para localizar a sus familiares.<\/p>\n\n\n\n<p>En uso de la voz el se\u00f1or Marcelo Salinas esposo de Liliana Rueda Daniel y cu\u00f1ado de Sergio Rueda Daniel, dio a conocer que hay m\u00e1s de 96 mil casos de personas desaparecidas y m\u00e1s de 52 mil personas que sus restos siguen sin ser identificados en los servicios forenses y p\u00fablicos del estado, todo esto repercute directamente en los derechos de las v\u00edctimas en quienes sigue recayendo la carga de buscar a sus familiares pese a los riesgos que esto representa para que las autoridades puedan identificar y sancionar a los responsables.<\/p>\n\n\n\n<p>Finalmente se\u00f1al\u00f3 que exigen a la Comisi\u00f3n de B\u00fasqueda de Desaparecidos la obligaci\u00f3n de buscar a sus familiares con todas las fuerzas de las instituciones para lograr su localizaci\u00f3n.<\/p>\n\n\n\n<figure class=\"wp-block-image size-large\"><img loading=\"lazy\" decoding=\"async\" width=\"1024\" height=\"683\" src=\"https:\/\/encuentroinformativo.com.mx\/wp-content\/uploads\/2022\/02\/0A1BD9DD-E9D6-45AC-A2AC-D7D1037078B6-1024x683.jpeg\" alt=\"\" class=\"wp-image-23917\" srcset=\"https:\/\/encuentroinformativo.com.mx\/wp-content\/uploads\/2022\/02\/0A1BD9DD-E9D6-45AC-A2AC-D7D1037078B6-1024x683.jpeg 1024w, https:\/\/encuentroinformativo.com.mx\/wp-content\/uploads\/2022\/02\/0A1BD9DD-E9D6-45AC-A2AC-D7D1037078B6-300x200.jpeg 300w, https:\/\/encuentroinformativo.com.mx\/wp-content\/uploads\/2022\/02\/0A1BD9DD-E9D6-45AC-A2AC-D7D1037078B6-768x512.jpeg 768w, https:\/\/encuentroinformativo.com.mx\/wp-content\/uploads\/2022\/02\/0A1BD9DD-E9D6-45AC-A2AC-D7D1037078B6.jpeg 1296w\" sizes=\"auto, (max-width: 1024px) 100vw, 1024px\" \/><\/figure>\n","protected":false},"excerpt":{"rendered":"<p>Juan Arcos\/Dar\u00edo Pale Xalapa, Ver.- Familiares de desaparecidos protestaron en Plaza Sebasti\u00e1n Lerdo de Tejada para denunciar que la Comisi\u00f3n Estatal de B\u00fasqueda ha incumplido los protocolos que permitan su localizaci\u00f3n. Las personas buscan a Luis Ronz\u00f3n Montiel, quien desapareci\u00f3 el 9 de enero de 2020 en el municipio de C\u00f3rdoba, as\u00ed como a Sergio [&hellip;]<\/p>\n","protected":false},"author":1,"featured_media":23916,"comment_status":"open","ping_status":"open","sticky":false,"template":"","format":"standard","meta":{"_jetpack_memberships_contains_paid_content":false,"footnotes":""},"categories":[3],"tags":[],"class_list":["post-23915","post","type-post","status-publish","format-standard","has-post-thumbnail","hentry","category-xalapa"],"jetpack_featured_media_url":"https:\/\/encuentroinformativo.com.mx\/wp-content\/uploads\/2022\/02\/3F579DE6-7F4E-42D8-A4F2-94042AE25756.jpeg","jetpack_sharing_enabled":true,"jetpack_likes_enabled":true,"amp_enabled":true,"_links":{"self":[{"href":"https:\/\/encuentroinformativo.com.mx\/index.php?rest_route=\/wp\/v2\/posts\/23915","targetHints":{"allow":["GET"]}}],"collection":[{"href":"https:\/\/encuentroinformativo.com.mx\/index.php?rest_route=\/wp\/v2\/posts"}],"about":[{"href":"https:\/\/encuentroinformativo.com.mx\/index.php?rest_route=\/wp\/v2\/types\/post"}],"author":[{"embeddable":true,"href":"https:\/\/encuentroinformativo.com.mx\/index.php?rest_route=\/wp\/v2\/users\/1"}],"replies":[{"embeddable":true,"href":"https:\/\/encuentroinformativo.com.mx\/index.php?rest_route=%2Fwp%2Fv2%2Fcomments&post=23915"}],"version-history":[{"count":1,"href":"https:\/\/encuentroinformativo.com.mx\/index.php?rest_route=\/wp\/v2\/posts\/23915\/revisions"}],"predecessor-version":[{"id":23918,"href":"https:\/\/encuentroinformativo.com.mx\/index.php?rest_route=\/wp\/v2\/posts\/23915\/revisions\/23918"}],"wp:featuredmedia":[{"embeddable":true,"href":"https:\/\/encuentroinformativo.com.mx\/index.php?rest_route=\/wp\/v2\/media\/23916"}],"wp:attachment":[{"href":"https:\/\/encuentroinformativo.com.mx\/index.php?rest_route=%2Fwp%2Fv2%2Fmedia&parent=23915"}],"wp:term":[{"taxonomy":"category","embeddable":true,"href":"https:\/\/encuentroinformativo.com.mx\/index.php?rest_route=%2Fwp%2Fv2%2Fcategories&post=23915"},{"taxonomy":"post_tag","embeddable":true,"href":"https:\/\/encuentroinformativo.com.mx\/index.php?rest_route=%2Fwp%2Fv2%2Ftags&post=23915"}],"curies":[{"name":"wp","href":"https:\/\/api.w.org\/{rel}","templated":true}]}}