{"id":2392,"date":"2020-05-07T14:23:22","date_gmt":"2020-05-07T19:23:22","guid":{"rendered":"https:\/\/encuentroinformativo.com\/?p=2392"},"modified":"2020-05-07T14:23:23","modified_gmt":"2020-05-07T19:23:23","slug":"continuan-bajas-ventas-en-mercados","status":"publish","type":"post","link":"https:\/\/encuentroinformativo.com.mx\/?p=2392","title":{"rendered":"Contin\u00faan bajas ventas en mercados"},"content":{"rendered":"\n<p><strong>Juan Arcos <\/strong><\/p>\n\n\n\n<p>Coatepec, Ver.- Locatarios del mercado \u201cMiguel Rebolledo\u201d de Coatepec dijeron que est\u00e1n acatando las medidas sanitarias para evitar contagios de coronavirus.<\/p>\n\n\n\n<p>De acuerdo con Rafael Ruiz Caba\u00f1as, uno de los comerciantes, las personas utilizan cubrebocas y en cada puesto hay gel antibacterial.<\/p>\n\n\n\n<p>En un recorrido realizado en el lugar se constat\u00f3 que los vendedores aplican las medidas sanitarias.<\/p>\n\n\n\n<p>Sin embargo, tambi\u00e9n se observ\u00f3 que los clientes ingresan al recinto comercial sin cubrebocas y no respetan la sana distancia.<\/p>\n\n\n\n<p>El vendedor de frutas y verduras mencion\u00f3 que el ayuntamiento de Coatepec no coloc\u00f3 filtros o mesas sanitarias en cada puerta del recinto, como lo hab\u00eda prometido.<\/p>\n\n\n\n<p>No obstante, coment\u00f3 que contin\u00faan cerr\u00e1ndose algunas de las puertas para evitar una gran concentraci\u00f3n de personas y fue construido un lavamanos afuera del mercado.<\/p>\n\n\n\n<p>Cabe mencionar que los locatarios han registrado una p\u00e9rdida econ\u00f3mica del 80 por ciento durante la contingencia sanitaria.<\/p>\n\n\n\n<p>Por ello, contin\u00faan con el servicio a domicilio de manera gratuita en el Pueblo M\u00e1gico.<\/p>\n\n\n\n<p>\u201cLas ventas est\u00e1n muy bajas pero a veces nos ayuda que mandamos unos seis servicios a domicilio\u201d.<\/p>\n\n\n\n<p>En ese sentido, Ruiz Caba\u00f1as indic\u00f3 que los clientes pueden comunicarse al n\u00famero telef\u00f3nico 8165213.<\/p>\n","protected":false},"excerpt":{"rendered":"<p>Juan Arcos Coatepec, Ver.- Locatarios del mercado \u201cMiguel Rebolledo\u201d de Coatepec dijeron que est\u00e1n acatando las medidas sanitarias para evitar contagios de coronavirus. De acuerdo con Rafael Ruiz Caba\u00f1as, uno de los comerciantes, las personas utilizan cubrebocas y en cada puesto hay gel antibacterial. En un recorrido realizado en el lugar se constat\u00f3 que los [&hellip;]<\/p>\n","protected":false},"author":1,"featured_media":2393,"comment_status":"open","ping_status":"open","sticky":false,"template":"","format":"standard","meta":{"_jetpack_memberships_contains_paid_content":false,"footnotes":""},"categories":[8],"tags":[],"class_list":["post-2392","post","type-post","status-publish","format-standard","has-post-thumbnail","hentry","category-region"],"jetpack_featured_media_url":"https:\/\/encuentroinformativo.com.mx\/wp-content\/uploads\/2020\/05\/6CCCBFBB-1FB2-4D30-A722-FB6002083C63.jpeg","jetpack_sharing_enabled":true,"jetpack_likes_enabled":true,"amp_enabled":true,"_links":{"self":[{"href":"https:\/\/encuentroinformativo.com.mx\/index.php?rest_route=\/wp\/v2\/posts\/2392","targetHints":{"allow":["GET"]}}],"collection":[{"href":"https:\/\/encuentroinformativo.com.mx\/index.php?rest_route=\/wp\/v2\/posts"}],"about":[{"href":"https:\/\/encuentroinformativo.com.mx\/index.php?rest_route=\/wp\/v2\/types\/post"}],"author":[{"embeddable":true,"href":"https:\/\/encuentroinformativo.com.mx\/index.php?rest_route=\/wp\/v2\/users\/1"}],"replies":[{"embeddable":true,"href":"https:\/\/encuentroinformativo.com.mx\/index.php?rest_route=%2Fwp%2Fv2%2Fcomments&post=2392"}],"version-history":[{"count":1,"href":"https:\/\/encuentroinformativo.com.mx\/index.php?rest_route=\/wp\/v2\/posts\/2392\/revisions"}],"predecessor-version":[{"id":2394,"href":"https:\/\/encuentroinformativo.com.mx\/index.php?rest_route=\/wp\/v2\/posts\/2392\/revisions\/2394"}],"wp:featuredmedia":[{"embeddable":true,"href":"https:\/\/encuentroinformativo.com.mx\/index.php?rest_route=\/wp\/v2\/media\/2393"}],"wp:attachment":[{"href":"https:\/\/encuentroinformativo.com.mx\/index.php?rest_route=%2Fwp%2Fv2%2Fmedia&parent=2392"}],"wp:term":[{"taxonomy":"category","embeddable":true,"href":"https:\/\/encuentroinformativo.com.mx\/index.php?rest_route=%2Fwp%2Fv2%2Fcategories&post=2392"},{"taxonomy":"post_tag","embeddable":true,"href":"https:\/\/encuentroinformativo.com.mx\/index.php?rest_route=%2Fwp%2Fv2%2Ftags&post=2392"}],"curies":[{"name":"wp","href":"https:\/\/api.w.org\/{rel}","templated":true}]}}