{"id":23921,"date":"2022-02-24T09:11:21","date_gmt":"2022-02-24T15:11:21","guid":{"rendered":"https:\/\/encuentroinformativo.com.mx\/?p=23921"},"modified":"2022-02-24T09:11:24","modified_gmt":"2022-02-24T15:11:24","slug":"lara-montero-y-vazquez-chagoya","status":"publish","type":"post","link":"https:\/\/encuentroinformativo.com.mx\/?p=23921","title":{"rendered":"LARA MONTERO Y V\u00c1ZQUEZ CHAGOYA"},"content":{"rendered":"\n<p><strong>ColumnaSinNombre<br>@pablojair<\/strong><\/p>\n\n\n\n<ul class=\"wp-block-list\"><li>La alcaldesa protegida desde el Altiplano.<\/li><li>Basura crece en Coatepec\u2026 \u00bfhay negocio turbio?<br>No hay da\u00f1o patrimonial en la SEV: Zenyazen.<\/li><\/ul>\n\n\n\n<p>\u00a1Todos a los refugios at\u00f3micos!<br>\u2014Chopenjawer<\/p>\n\n\n\n<p>El 12 de enero de 2014 falleci\u00f3 mi maestro C\u00e9sar V\u00e1zquez Chagoya. Este 2022 se cumplieron 8 a\u00f1os de su muy sentida partida.<\/p>\n\n\n\n<p>Confieso que todav\u00eda me es muy dif\u00edcil superar su ausencia. Nos habl\u00e1bamos varias veces todos los d\u00edas (durante los 10 a\u00f1os que tuve la oportunidad de trabajar para \u00e9l), intercambi\u00e1bamos ideas y a veces solamente era platicar chismes para re\u00edrnos un rato.<\/p>\n\n\n\n<p>A veces me pregunto c\u00f3mo habr\u00eda sido el escenario pol\u00edtico de haber sobrevivido a ese terrible c\u00e1ncer tan agresivo. Es probable que lo hubiesen buscado los gobernadores Yunes o Cuitl\u00e1huac, o por lo menos colaboradores de sus respectivos gobiernos con los que ten\u00eda una estrecha amistad. Habr\u00edamos tenido proyectos nuevos, rumbos para explorar, situaciones que concatenar en su despacho donde no faltaba el caf\u00e9 o cigarro.<\/p>\n\n\n\n<p>De hecho, a Don C\u00e9sar de repente le surg\u00edan amistades remotas que lo buscaban porque eran hijos o primos o parientes de amigos muy cercanos. As\u00ed ten\u00eda contactos por todo el estado.<\/p>\n\n\n\n<p>Uno de los amigos m\u00e1s cercanos era el legendario jefe de la Polic\u00eda Estatal, Don Alfonso Lara Montero. Eran como hermanos y varias veces trabajaron juntos: Chagoya (como as\u00ed le conoc\u00edan muchos) era el que iba a dialogar como representante del gobierno para destrabar conflictos; iba respaldado por Lara Montero, quien era el de la fuerza p\u00fablica cuando era necesario utilizarla en situaciones extremas donde ya se bloqueaban carreteras, tomaban palacios municipales, etc.<\/p>\n\n\n\n<p>Y hay que decirlo: eran efectivos en su trabajo.<\/p>\n\n\n\n<p>Don C\u00e9sar platicaba, entre risas, que al menos un par de veces Lara Montero tuvo que ir a rescatarlo por andarse metiendo en zonas altamente peligrosas a donde el jefe policiaco le hab\u00eda advertido que no se metiera, porque eran gente que no entend\u00eda razones y s\u00f3lo buscaban la confrontaci\u00f3n.<\/p>\n\n\n\n<p>En un nivel m\u00e1s personal, durante una crisis familiar fue el propio Lara Montero quien fue a buscar a Don C\u00e9sar a Coacotla, municipio de Cosoleacaque, donde lo encontr\u00f3 fumando como chacuaco (ma\u00f1a que no se le quitar\u00eda nunca) y con varios d\u00edas sin dormir por diversas preocupaciones. Don Alfonso entonces le pidi\u00f3, por las buenas, que lo acompa\u00f1ara para llevarlo a un lugar a descansar, pero Don C\u00e9sar se negaba\u2026<\/p>\n\n\n\n<p>&#8211;Mira, C\u00e9sar, d\u00e9jate de pendejadas; o te vas por las buenas o ahorita le digo a estos cabrones que te amarren y te suban a la patrulla.<\/p>\n\n\n\n<p>Y pues, sabiendo como era Don Alfonso de &#8220;huevudo&#8221;, V\u00e1zquez Chagoya simplemente obedeci\u00f3 sin chistar.<\/p>\n\n\n\n<p>Cuando falleci\u00f3 Don C\u00e9sar fue muy notable la ausencia de Don Alfonso en su funeral. En una pl\u00e1tica en su casa, con notable tristeza, me dec\u00eda que no hab\u00eda tenido el valor para irse a despedir de su amigo.<\/p>\n\n\n\n<p>Lo anterior, debo decirlo, me sorprendi\u00f3, pues Don Lara mostraba estaba confesando sobre algo de lo que no tuvo valor, pese a andar en las veredas y regiones m\u00e1s peligrosas de Veracruz en momentos muy \u00e1lgidos de violencia.<\/p>\n\n\n\n<p>Cuentan, por ejemplo, que en una ocasi\u00f3n en una ciudad al sur de Veracruz se encontraba en un evento a donde hab\u00eda acudido como parte de la seguridad de funcionarios de alto nivel del Gobierno. Ah\u00ed, una persona le pidi\u00f3 un minuto para platicar y &#8211;palabras m\u00e1s, palabras menos&#8211; le dijo: &#8220;Con usted no nos metemos Don Alfonso; sabemos la clase de persona que es usted y usted no es como todo los dem\u00e1s&#8221;.<\/p>\n\n\n\n<p>Despu\u00e9s se sabr\u00eda que fue un jefe muy pesado de la delincuencia organizada quien hab\u00eda mandado el mensaje de respeto al jefe policiaco\u2026 &#8220;Con usted, no&#8221;.<\/p>\n\n\n\n<p>En una ocasi\u00f3n, Don C\u00e9sar me platic\u00f3 &#8211;justo unas horas despu\u00e9s de la muy sonada balacera en Villar\u00edn&#8211; que fue precisamente Don Alfonso quien entr\u00f3 a la zona caliente donde hab\u00eda sido la balacera para poner orden, pues hasta los mismos sicarios de los malandros no se le enfrentaban al jefe policiaco.<\/p>\n\n\n\n<p>Don Alfonso falleci\u00f3 hace 4 a\u00f1os, el 20 de febrero de 2018, en su casa de Acayucan, a donde todav\u00eda fuimos un par de veces a platicar con \u00e9l luego del fallecimiento de Don C\u00e9sar. Sus \u00faltimos a\u00f1os los dedicaba a la ganader\u00eda.<\/p>\n\n\n\n<p>Se hab\u00eda retirado de la Polic\u00eda Estatal no por decisi\u00f3n propia, sino porque los mandos de esa \u00e9poca &#8211;marinos y militares que llegaron a empoderarse en Seguridad P\u00fablica&#8211; ten\u00edan recelo y envidia del gran poder e influencia de Don Alfonso. Los que son polic\u00edas de carrera &#8211;formados en el \u00e1mbito totalmente civil&#8211; simplemente no tienen empat\u00eda con la forma cuadrada y castrense.<\/p>\n\n\n\n<p>Al paso de los a\u00f1os, los militares y marinos son los que han tomado el control de la seguridad no s\u00f3lo en el estado, sino en todo el pa\u00eds, desplazando a los polic\u00edas.<\/p>\n\n\n\n<p>Es curioso, pero la salida de Don Alfonso de SSP ya hab\u00eda sido vaticinada por V\u00e1zquez Chagoya, pues dec\u00eda que con el asesinato de Cirilo V\u00e1zquez Lagunes (en 2006) Lara se iba a quedar sin trabajo, en referencia a que el jefe policiaco era el \u00fanico que controlaba al ganadero y l\u00edder social que lleg\u00f3 a tener influencia en varios municipios. Al menos ese parece que fue el pretexto para sacarlo de la Polic\u00eda Estatal.<\/p>\n\n\n\n<p>Recientemente parec\u00eda que Don Alfonso volver\u00eda a Seguridad P\u00fablica, pues tuvo una reuni\u00f3n con el entonces gobernador Miguel \u00c1ngel Yunes Linares en el caf\u00e9 &#8220;La Parroquia&#8221; del puerto de Veracruz, en donde tambi\u00e9n estuvieron sentados el entonces secretario de Gobierno, Rogelio Franco; el secre de Seguridad P\u00fablica, Jaime T\u00e9llez Mari\u00e9; y el fiscal de esa \u00e9poca, Jorge Winckler, quien no pod\u00eda ocultar su cara de miedo.<\/p>\n\n\n\n<p>Ah\u00ed platicaron y platicaron, y dicen que Yunes hasta le pidi\u00f3 a Don Alfonso su intervenci\u00f3n para que por favor hablara con un columnista castroso que le estaba poniendo apodos y le hac\u00eda memes en redes sociales. El periodista hizo caso &#8211;a medias, porque tambi\u00e9n peca a veces de necio&#8211; porque quien se lo ped\u00eda era una persona a la que respetaba y admiraba mucho.<\/p>\n\n\n\n<p>La neta que se extra\u00f1a mucho a Don C\u00e9sar y a Don Alfonso. Y no somos pocos los que compartimos ese sentimiento.<\/p>\n\n\n\n<p>Sigan descansando en paz.<\/p>\n\n\n\n<p><strong>NOTA PARA PEGAR EN EL REFRI: <\/strong>La hoy alcaldesa de Alvarado, Lizette \u00c1lvarez Vera, estuvo a punto de ser detenida poco antes de rendir protesta por una investigaci\u00f3n de supuestos v\u00ednculos con el crimen organizado. Por esta situaci\u00f3n, se sab\u00eda que la entonces edil electa andaba refugi\u00e1ndose en el extranjero (seg\u00fan en Estados Unidos) esperando el momento justo de aparecer en el municipio para el acto oficial que la invest\u00eda como presidenta\u2026 Fuentes policiacas comentaban que ya hab\u00eda un despliegue, un operativo horas antes para su captura antes de asumir el cargo con el fuero constitucional que la protege, pero algo pas\u00f3\u2026 Seg\u00fan versiones de la clase pol\u00edtica, desde el Altiplano se dio la orden de echar para atr\u00e1s todo por una supuesta petici\u00f3n de Javier Herrera Borunda (quien mueve los hilos del Partido Verde en Veracruz, mismo que abander\u00f3 a la alcaldesa) con el senador Manuel Velasco Coello, quien a su vez se habr\u00eda reunido con el secretario de Gobernaci\u00f3n, Adan Augusto L\u00f3pez, para pedir su intervenci\u00f3n\u2026 Esa &#8220;negociaci\u00f3n&#8221; ahora est\u00e1 generando problemas, pues este mi\u00e9rcoles el gobernador se\u00f1al\u00f3 que se investiga a Lizette \u00c1lvarez Vera y que ella estar\u00eda detr\u00e1s de la toma del Tecnol\u00f3gico de Alvarado\u2026 Era tambi\u00e9n conocido que Alvarado (con su valios\u00edsima Riviera Veracruzana) era un municipio que se cedi\u00f3 al Verde, y por eso la estructura local de Morena no oper\u00f3 el d\u00eda de la elecci\u00f3n. El dilema era perder el municipio ante un candidato ligado a los Yunes o ganarlo con el aliado Partido Verde con una candidata muy cuestionada. La historia, pues ya se la sabe. Cosas de la pol\u00edtica.<\/p>\n\n\n\n<p><strong>OTRA NOTA<\/strong>: Hasta la medianoche de este mi\u00e9rcoles y primeros minutos del jueves, pudimos constatar que no se ha recogido la basura en diversos puntos de Coatepec, donde el alcalde Raymundo Andrade Rivera de plano parece que no le halla soluci\u00f3n a un grave problema que le est\u00e1 creciendo, aparte del pleito y berrinche infantil que trae con los Bomberos del municipio\u2026 A lo anterior se suma el descubrimiento de un tiradero a cielo abierto en la zona de Las Lomas, problem\u00e1tica que ya le est\u00e1n dando seguimiento en el Congreso del Estado\u2026 Seg\u00fan fuentes de dicha comunidad, detr\u00e1s de este asunto habr\u00eda un negocio turbio donde estar\u00edan involucradas autoridades que hacen negocio con la familia Murrieta, quien ser\u00eda la propietaria del predio donde est\u00e1n tirando la basura para despu\u00e9s verse &#8220;obligados&#8221; a que se haga un relleno sanitario ah\u00ed\u2026 Los pobladores, comentan, no est\u00e1n en contra de que se haga el relleno, pero que m\u00ednimo tengan medidas de higiene y seguridad que no se ven con el tiradero a cielo abierto\u2026 Por cierto, el tema lleg\u00f3 al Congreso porque en el ayuntamiento de Coatepec &#8211;para variar&#8211; no los escucharon.<\/p>\n\n\n\n<p><strong>LA \u00daLTIMA PORQUE ME VOY AL B\u00daNKER SUBTERRANEO A VER SI EL MUNDO SOBREVIVE LAS PR\u00d3XIMAS HORAS: <\/strong>Ante las observaciones hechas por la Auditor\u00eda Superior de la Federaci\u00f3n (ASF) con motivo de la Cuenta P\u00fablica 2020 a la Secretar\u00eda de Educaci\u00f3n de Veracruz (SEV), el titular, Zenyazen Escobar Garc\u00eda, garantiz\u00f3 el buen manejo de los recursos en la dependencia a su cargo, por consiguiente, aclar\u00f3 que no existe ning\u00fan da\u00f1o patrimonial. A trav\u00e9s de un breve mensaje que difundi\u00f3 en redes sociales, el funcionario estatal hizo referencia a las seis auditor\u00edas practicadas y los 51 resultados obtenidos, de los cuales en 37 no se detectaron irregularidades, y los 14 restantes se atendieron en tiempo y forma, antes de la emisi\u00f3n del informe individual. Asimismo, precis\u00f3 que los pagos realizados en demas\u00eda por motivo de fallecimientos, se originan porque la n\u00f3mina educativa se procesa con dos quincenas de anticipaci\u00f3n, aunado a que esta Secretar\u00eda recibe la informaci\u00f3n del deceso a trav\u00e9s de los familiares, mismos que una vez atendidos, los reintegran para acceder a las prestaciones correspondientes.<\/p>\n","protected":false},"excerpt":{"rendered":"<p>ColumnaSinNombre@pablojair La alcaldesa protegida desde el Altiplano. Basura crece en Coatepec\u2026 \u00bfhay negocio turbio?No hay da\u00f1o patrimonial en la SEV: Zenyazen. \u00a1Todos a los refugios at\u00f3micos!\u2014Chopenjawer El 12 de enero de 2014 falleci\u00f3 mi maestro C\u00e9sar V\u00e1zquez Chagoya. Este 2022 se cumplieron 8 a\u00f1os de su muy sentida partida. Confieso que todav\u00eda me es muy [&hellip;]<\/p>\n","protected":false},"author":1,"featured_media":488,"comment_status":"open","ping_status":"open","sticky":false,"template":"","format":"standard","meta":{"_jetpack_memberships_contains_paid_content":false,"footnotes":""},"categories":[11],"tags":[],"class_list":["post-23921","post","type-post","status-publish","format-standard","has-post-thumbnail","hentry","category-opinion"],"jetpack_featured_media_url":"https:\/\/encuentroinformativo.com.mx\/wp-content\/uploads\/2020\/03\/F471F608-BA1A-416B-BA7B-BCFB24F4E6D0.jpeg","jetpack_sharing_enabled":true,"jetpack_likes_enabled":true,"amp_enabled":true,"_links":{"self":[{"href":"https:\/\/encuentroinformativo.com.mx\/index.php?rest_route=\/wp\/v2\/posts\/23921","targetHints":{"allow":["GET"]}}],"collection":[{"href":"https:\/\/encuentroinformativo.com.mx\/index.php?rest_route=\/wp\/v2\/posts"}],"about":[{"href":"https:\/\/encuentroinformativo.com.mx\/index.php?rest_route=\/wp\/v2\/types\/post"}],"author":[{"embeddable":true,"href":"https:\/\/encuentroinformativo.com.mx\/index.php?rest_route=\/wp\/v2\/users\/1"}],"replies":[{"embeddable":true,"href":"https:\/\/encuentroinformativo.com.mx\/index.php?rest_route=%2Fwp%2Fv2%2Fcomments&post=23921"}],"version-history":[{"count":1,"href":"https:\/\/encuentroinformativo.com.mx\/index.php?rest_route=\/wp\/v2\/posts\/23921\/revisions"}],"predecessor-version":[{"id":23922,"href":"https:\/\/encuentroinformativo.com.mx\/index.php?rest_route=\/wp\/v2\/posts\/23921\/revisions\/23922"}],"wp:featuredmedia":[{"embeddable":true,"href":"https:\/\/encuentroinformativo.com.mx\/index.php?rest_route=\/wp\/v2\/media\/488"}],"wp:attachment":[{"href":"https:\/\/encuentroinformativo.com.mx\/index.php?rest_route=%2Fwp%2Fv2%2Fmedia&parent=23921"}],"wp:term":[{"taxonomy":"category","embeddable":true,"href":"https:\/\/encuentroinformativo.com.mx\/index.php?rest_route=%2Fwp%2Fv2%2Fcategories&post=23921"},{"taxonomy":"post_tag","embeddable":true,"href":"https:\/\/encuentroinformativo.com.mx\/index.php?rest_route=%2Fwp%2Fv2%2Ftags&post=23921"}],"curies":[{"name":"wp","href":"https:\/\/api.w.org\/{rel}","templated":true}]}}