{"id":23926,"date":"2022-02-24T10:13:21","date_gmt":"2022-02-24T16:13:21","guid":{"rendered":"https:\/\/encuentroinformativo.com.mx\/?p=23926"},"modified":"2022-02-24T10:13:23","modified_gmt":"2022-02-24T16:13:23","slug":"donan-unidad-de-rescate-a-bomberos-voluntarios-de-medellin-de-bravo","status":"publish","type":"post","link":"https:\/\/encuentroinformativo.com.mx\/?p=23926","title":{"rendered":"Donan Unidad de Rescate a Bomberos voluntarios de Medell\u00edn de Bravo"},"content":{"rendered":"\n<p><strong>Alejandro \u00c1vila<\/strong><\/p>\n\n\n\n<p>Medell\u00edn de Bravo, Ver.- Los Bomberos Voluntarios del municipio de Medell\u00edn de Bravo, que est\u00e1n a cargo del Comandante, Javier Miranda, recibieron esta semana el donativo de una Unidad de Rescate por parte de la iniciativa privada.<\/p>\n\n\n\n<p>El presupuesto del municipio de Medell\u00edn de Bravo es bajo, por lo que siempre ha tenido complicaciones para incrementar el equipo de la direcci\u00f3n de Protecci\u00f3n Civil; situaci\u00f3n por la cual se cre\u00f3 el Cuerpo de Bomberos Voluntarios.<\/p>\n\n\n\n<p>La entrega de la Unidad de Rescate se llev\u00f3 a cabo en el circuito Perla del fraccionamiento Lagos de Puente Moreno, d\u00f3nde se encuentra la base los Bomberos; se puntualiz\u00f3 que el veh\u00edculo servir\u00e1 para el traslado de personas qu\u00e9, tras una solicitud de atenci\u00f3n m\u00e9dica o accidente, deban ser canalizadas a un hospital.<\/p>\n\n\n\n<p>Guillermo Herrada Jim\u00e9nez, presidente de la Asociaci\u00f3n Civil que hizo entrega del veh\u00edculo se\u00f1al\u00f3 que, una de las mayores necesidades de los medellinenses, es la puntual atenci\u00f3n de urgencias m\u00e9dicas, y fue el Director General de SMAE, Octavio Pineda Gonz\u00e1lez, quien se le acerco para solicitar apoyo, para poder seguir ayudando a la gente de Medell\u00edn.<\/p>\n\n\n\n<p>\u201cEs una realidad, tenemos que seguir ayudando a quien ayuda, estos socorristas no reciben ni un solo peso de alguna autoridad o Ayuntamiento, ellos lo hacen por el simple amor de ayudar al pr\u00f3jimo, ayudar a las comunidades, lo menos que podemos hacer es brindarle las herramientas necesarias para poder realizar su trabajo\u201d, manifest\u00f3 el empresario.&nbsp;<\/p>\n\n\n\n<p>Herrada Jim\u00e9nez, inform\u00f3 que se tienen proyectos para Medell\u00edn de Bravo, que pronto dar\u00e1n a conocer, continuando con el compromiso de abonar a la mejora en la calidad de vida.<\/p>\n\n\n\n<p>\u201cYo vivo en Medell\u00edn y me interesa hacerlo crecer, nuestro municipio necesita el respaldo de todas las personas que quieran trabajar por \u00e9l, y nosotros seguiremos haci\u00e9ndolo\u201d.<\/p>\n","protected":false},"excerpt":{"rendered":"<p>Alejandro \u00c1vila Medell\u00edn de Bravo, Ver.- Los Bomberos Voluntarios del municipio de Medell\u00edn de Bravo, que est\u00e1n a cargo del Comandante, Javier Miranda, recibieron esta semana el donativo de una Unidad de Rescate por parte de la iniciativa privada. El presupuesto del municipio de Medell\u00edn de Bravo es bajo, por lo que siempre ha tenido [&hellip;]<\/p>\n","protected":false},"author":1,"featured_media":23927,"comment_status":"open","ping_status":"open","sticky":false,"template":"","format":"standard","meta":{"_jetpack_memberships_contains_paid_content":false,"footnotes":""},"categories":[2],"tags":[],"class_list":["post-23926","post","type-post","status-publish","format-standard","has-post-thumbnail","hentry","category-estado"],"jetpack_featured_media_url":"https:\/\/encuentroinformativo.com.mx\/wp-content\/uploads\/2022\/02\/69DA223E-2B1E-4FA7-8ADA-FD2EB9E64CE9.jpeg","jetpack_sharing_enabled":true,"jetpack_likes_enabled":true,"amp_enabled":true,"_links":{"self":[{"href":"https:\/\/encuentroinformativo.com.mx\/index.php?rest_route=\/wp\/v2\/posts\/23926","targetHints":{"allow":["GET"]}}],"collection":[{"href":"https:\/\/encuentroinformativo.com.mx\/index.php?rest_route=\/wp\/v2\/posts"}],"about":[{"href":"https:\/\/encuentroinformativo.com.mx\/index.php?rest_route=\/wp\/v2\/types\/post"}],"author":[{"embeddable":true,"href":"https:\/\/encuentroinformativo.com.mx\/index.php?rest_route=\/wp\/v2\/users\/1"}],"replies":[{"embeddable":true,"href":"https:\/\/encuentroinformativo.com.mx\/index.php?rest_route=%2Fwp%2Fv2%2Fcomments&post=23926"}],"version-history":[{"count":1,"href":"https:\/\/encuentroinformativo.com.mx\/index.php?rest_route=\/wp\/v2\/posts\/23926\/revisions"}],"predecessor-version":[{"id":23928,"href":"https:\/\/encuentroinformativo.com.mx\/index.php?rest_route=\/wp\/v2\/posts\/23926\/revisions\/23928"}],"wp:featuredmedia":[{"embeddable":true,"href":"https:\/\/encuentroinformativo.com.mx\/index.php?rest_route=\/wp\/v2\/media\/23927"}],"wp:attachment":[{"href":"https:\/\/encuentroinformativo.com.mx\/index.php?rest_route=%2Fwp%2Fv2%2Fmedia&parent=23926"}],"wp:term":[{"taxonomy":"category","embeddable":true,"href":"https:\/\/encuentroinformativo.com.mx\/index.php?rest_route=%2Fwp%2Fv2%2Fcategories&post=23926"},{"taxonomy":"post_tag","embeddable":true,"href":"https:\/\/encuentroinformativo.com.mx\/index.php?rest_route=%2Fwp%2Fv2%2Ftags&post=23926"}],"curies":[{"name":"wp","href":"https:\/\/api.w.org\/{rel}","templated":true}]}}