{"id":23929,"date":"2022-02-24T10:21:30","date_gmt":"2022-02-24T16:21:30","guid":{"rendered":"https:\/\/encuentroinformativo.com.mx\/?p=23929"},"modified":"2022-02-24T10:21:33","modified_gmt":"2022-02-24T16:21:33","slug":"reactivacion-economica-en-xalapa-con-apego-a-protocolos-de-salud","status":"publish","type":"post","link":"https:\/\/encuentroinformativo.com.mx\/?p=23929","title":{"rendered":"Reactivaci\u00f3n econ\u00f3mica en Xalapa, con apego a protocolos de salud"},"content":{"rendered":"\n<p>Xalapa, Ver.- Para proteger la salud de la poblaci\u00f3n, prevenir contagios del SARS-CoV-2 y que la reactivaci\u00f3n econ\u00f3mica en Xalapa se realice de forma ordenada, el Ayuntamiento atiende y orienta a propietarios de comercios y empresariado en general para que retome sus actividades cumpliendo las normas, protocolos y disposiciones vigentes, de acuerdo con el sem\u00e1foro de riesgo epidemiol\u00f3gico, inform\u00f3 el presidente municipal Ricardo Ahued Bardahuil.<\/p>\n\n\n\n<p>Posterior a participar en el acto c\u00edvico con motivo del 201 Aniversario del D\u00eda de la Bandera, el Alcalde dijo que la autoridad local mantiene una cercana colaboraci\u00f3n con el Estado y la Federaci\u00f3n a trav\u00e9s del Consejo Estatal de Salud.<\/p>\n\n\n\n<p>Destac\u00f3 que es a trav\u00e9s de esta coordinaci\u00f3n que se mantiene a las y los empresarios actualizados sobre las disposiciones sanitarias y se vigila que no existan irregularidades que puedan poner en riesgo la salud p\u00fablica.<\/p>\n\n\n\n<p>En este sentido, dio a conocer que ya se ha realizado la suspensi\u00f3n de distintos eventos, en su mayor\u00eda masivos, mismos que se analiza reprogramar para fechas cercanas debido al cambio en el sem\u00e1foro de riesgo epidemiol\u00f3gico.<\/p>\n","protected":false},"excerpt":{"rendered":"<p>Xalapa, Ver.- Para proteger la salud de la poblaci\u00f3n, prevenir contagios del SARS-CoV-2 y que la reactivaci\u00f3n econ\u00f3mica en Xalapa se realice de forma ordenada, el Ayuntamiento atiende y orienta a propietarios de comercios y empresariado en general para que retome sus actividades cumpliendo las normas, protocolos y disposiciones vigentes, de acuerdo con el sem\u00e1foro [&hellip;]<\/p>\n","protected":false},"author":1,"featured_media":23930,"comment_status":"open","ping_status":"open","sticky":false,"template":"","format":"standard","meta":{"_jetpack_memberships_contains_paid_content":false,"footnotes":""},"categories":[3],"tags":[],"class_list":["post-23929","post","type-post","status-publish","format-standard","has-post-thumbnail","hentry","category-xalapa"],"jetpack_featured_media_url":"https:\/\/encuentroinformativo.com.mx\/wp-content\/uploads\/2022\/02\/E4D87F9A-9669-4F72-B0ED-EF46181AE1F3.jpeg","jetpack_sharing_enabled":true,"jetpack_likes_enabled":true,"amp_enabled":true,"_links":{"self":[{"href":"https:\/\/encuentroinformativo.com.mx\/index.php?rest_route=\/wp\/v2\/posts\/23929","targetHints":{"allow":["GET"]}}],"collection":[{"href":"https:\/\/encuentroinformativo.com.mx\/index.php?rest_route=\/wp\/v2\/posts"}],"about":[{"href":"https:\/\/encuentroinformativo.com.mx\/index.php?rest_route=\/wp\/v2\/types\/post"}],"author":[{"embeddable":true,"href":"https:\/\/encuentroinformativo.com.mx\/index.php?rest_route=\/wp\/v2\/users\/1"}],"replies":[{"embeddable":true,"href":"https:\/\/encuentroinformativo.com.mx\/index.php?rest_route=%2Fwp%2Fv2%2Fcomments&post=23929"}],"version-history":[{"count":1,"href":"https:\/\/encuentroinformativo.com.mx\/index.php?rest_route=\/wp\/v2\/posts\/23929\/revisions"}],"predecessor-version":[{"id":23931,"href":"https:\/\/encuentroinformativo.com.mx\/index.php?rest_route=\/wp\/v2\/posts\/23929\/revisions\/23931"}],"wp:featuredmedia":[{"embeddable":true,"href":"https:\/\/encuentroinformativo.com.mx\/index.php?rest_route=\/wp\/v2\/media\/23930"}],"wp:attachment":[{"href":"https:\/\/encuentroinformativo.com.mx\/index.php?rest_route=%2Fwp%2Fv2%2Fmedia&parent=23929"}],"wp:term":[{"taxonomy":"category","embeddable":true,"href":"https:\/\/encuentroinformativo.com.mx\/index.php?rest_route=%2Fwp%2Fv2%2Fcategories&post=23929"},{"taxonomy":"post_tag","embeddable":true,"href":"https:\/\/encuentroinformativo.com.mx\/index.php?rest_route=%2Fwp%2Fv2%2Ftags&post=23929"}],"curies":[{"name":"wp","href":"https:\/\/api.w.org\/{rel}","templated":true}]}}