{"id":23933,"date":"2022-02-24T10:36:36","date_gmt":"2022-02-24T16:36:36","guid":{"rendered":"https:\/\/encuentroinformativo.com.mx\/?p=23933"},"modified":"2022-02-24T10:36:39","modified_gmt":"2022-02-24T16:36:39","slug":"participa-fge-en-investigaciones-por-homicidio-de-michell-simon","status":"publish","type":"post","link":"https:\/\/encuentroinformativo.com.mx\/?p=23933","title":{"rendered":"Participa FGE en investigaciones por homicidio de Michell Sim\u00f3n"},"content":{"rendered":"\n<p><strong>Dar\u00edo Pale <\/strong><\/p>\n\n\n\n<p>Xalapa, Ver.- La Fiscal General del Estado (FGE), Ver\u00f3nica Hern\u00e1ndez Giad\u00e1ns dio a conocer que ya hay una coordinaci\u00f3n con las autoridades de la Ciudad de M\u00e9xico para esclarecer el homicidio de Michell Sim\u00f3n.<\/p>\n\n\n\n<p>Entrevistada en el parque Ju\u00e1rez posterior al evento del d\u00eda de la Bandera se\u00f1al\u00f3 que, todos los feminicidios en Veracruz son atendidos por lo que el homicidio de Michelle Sim\u00f3n, joven coatzacoalque\u00f1a y presentadora de televisi\u00f3n ya se est\u00e1 investigando en coordinaci\u00f3n con las autoridades de M\u00e9xico.<\/p>\n\n\n\n<p>\u201cSiempre hay coordinaci\u00f3n, lo feminicidios son atendidos siempre\u201d, indic\u00f3 la Fiscal quien no quiso abundar en el tema de Michelle Sim\u00f3n y quien fue encontrada envuelta en una s\u00e1bana en la capital del pa\u00eds, con signos de violencia.<\/p>\n\n\n\n<p>Al cuestionarla la fiscal general del estado, dej\u00f3 en claro que no hablar\u00eda m\u00e1s del tema, y \u00fanicamente se limit\u00f3 a decir que ya se trabaja en el caso.<\/p>\n\n\n\n<p>Es de mencionar que los restos de Michelle Sim\u00f3n de 29 a\u00f1os de edad llegaron la madrugada de este 24 de febrero al domicilio de su mam\u00e1 en la ciudad de Coatzacoalcos para darle la sagrada sepultura.<\/p>\n\n\n\n<p>Hasta el momento se desconoce sobre el paradero de su o sus agresores, y se mantiene abierta una carpeta de investigaci\u00f3n en la Ciudad de M\u00e9xico con seguimiento de la Fiscal\u00eda General del Estado.<\/p>\n","protected":false},"excerpt":{"rendered":"<p>Dar\u00edo Pale Xalapa, Ver.- La Fiscal General del Estado (FGE), Ver\u00f3nica Hern\u00e1ndez Giad\u00e1ns dio a conocer que ya hay una coordinaci\u00f3n con las autoridades de la Ciudad de M\u00e9xico para esclarecer el homicidio de Michell Sim\u00f3n. Entrevistada en el parque Ju\u00e1rez posterior al evento del d\u00eda de la Bandera se\u00f1al\u00f3 que, todos los feminicidios en [&hellip;]<\/p>\n","protected":false},"author":1,"featured_media":23934,"comment_status":"open","ping_status":"open","sticky":false,"template":"","format":"standard","meta":{"_jetpack_memberships_contains_paid_content":false,"footnotes":""},"categories":[2],"tags":[],"class_list":["post-23933","post","type-post","status-publish","format-standard","has-post-thumbnail","hentry","category-estado"],"jetpack_featured_media_url":"https:\/\/encuentroinformativo.com.mx\/wp-content\/uploads\/2022\/02\/1F6891A1-7C52-4E0A-9903-93349BBBEE14.jpeg","jetpack_sharing_enabled":true,"jetpack_likes_enabled":true,"amp_enabled":true,"_links":{"self":[{"href":"https:\/\/encuentroinformativo.com.mx\/index.php?rest_route=\/wp\/v2\/posts\/23933","targetHints":{"allow":["GET"]}}],"collection":[{"href":"https:\/\/encuentroinformativo.com.mx\/index.php?rest_route=\/wp\/v2\/posts"}],"about":[{"href":"https:\/\/encuentroinformativo.com.mx\/index.php?rest_route=\/wp\/v2\/types\/post"}],"author":[{"embeddable":true,"href":"https:\/\/encuentroinformativo.com.mx\/index.php?rest_route=\/wp\/v2\/users\/1"}],"replies":[{"embeddable":true,"href":"https:\/\/encuentroinformativo.com.mx\/index.php?rest_route=%2Fwp%2Fv2%2Fcomments&post=23933"}],"version-history":[{"count":1,"href":"https:\/\/encuentroinformativo.com.mx\/index.php?rest_route=\/wp\/v2\/posts\/23933\/revisions"}],"predecessor-version":[{"id":23935,"href":"https:\/\/encuentroinformativo.com.mx\/index.php?rest_route=\/wp\/v2\/posts\/23933\/revisions\/23935"}],"wp:featuredmedia":[{"embeddable":true,"href":"https:\/\/encuentroinformativo.com.mx\/index.php?rest_route=\/wp\/v2\/media\/23934"}],"wp:attachment":[{"href":"https:\/\/encuentroinformativo.com.mx\/index.php?rest_route=%2Fwp%2Fv2%2Fmedia&parent=23933"}],"wp:term":[{"taxonomy":"category","embeddable":true,"href":"https:\/\/encuentroinformativo.com.mx\/index.php?rest_route=%2Fwp%2Fv2%2Fcategories&post=23933"},{"taxonomy":"post_tag","embeddable":true,"href":"https:\/\/encuentroinformativo.com.mx\/index.php?rest_route=%2Fwp%2Fv2%2Ftags&post=23933"}],"curies":[{"name":"wp","href":"https:\/\/api.w.org\/{rel}","templated":true}]}}