{"id":23939,"date":"2022-02-24T11:35:39","date_gmt":"2022-02-24T17:35:39","guid":{"rendered":"https:\/\/encuentroinformativo.com.mx\/?p=23939"},"modified":"2022-02-24T11:35:43","modified_gmt":"2022-02-24T17:35:43","slug":"celebran-autoridades-dia-de-la-bandera","status":"publish","type":"post","link":"https:\/\/encuentroinformativo.com.mx\/?p=23939","title":{"rendered":"Celebran autoridades D\u00eda de la Bandera"},"content":{"rendered":"\n<p>Xalapa, Ver.- El gobernador Cuitl\u00e1huac Garc\u00eda Jim\u00e9nez presidi\u00f3 en el Parque Ju\u00e1rez el evento conmemorativo al 201 aniversario del D\u00eda de la Bandera.<\/p>\n\n\n\n<p>El ejecutivo u estatal estuvo acompa\u00f1ado por la presidenta del TSJ, Isabel Romero Cruz, la Fiscal General, Ver\u00f3nica Hern\u00e1ndez Giad\u00e1ns, el secretario de SP, Hugo Guti\u00e9rrez Maldonado, el secretario de Gobierno, Erik Cisneros Burgos, el alcalde Ricardo Ahued Bardahuil, entre otros.<\/p>\n\n\n\n<figure class=\"wp-block-image size-large\"><img loading=\"lazy\" decoding=\"async\" width=\"1024\" height=\"683\" src=\"https:\/\/encuentroinformativo.com.mx\/wp-content\/uploads\/2022\/02\/A3C6B90A-C8ED-42FC-B2AB-E62C1B0C4640-1024x683.jpeg\" alt=\"\" class=\"wp-image-23941\" srcset=\"https:\/\/encuentroinformativo.com.mx\/wp-content\/uploads\/2022\/02\/A3C6B90A-C8ED-42FC-B2AB-E62C1B0C4640-1024x683.jpeg 1024w, https:\/\/encuentroinformativo.com.mx\/wp-content\/uploads\/2022\/02\/A3C6B90A-C8ED-42FC-B2AB-E62C1B0C4640-300x200.jpeg 300w, https:\/\/encuentroinformativo.com.mx\/wp-content\/uploads\/2022\/02\/A3C6B90A-C8ED-42FC-B2AB-E62C1B0C4640-768x512.jpeg 768w, https:\/\/encuentroinformativo.com.mx\/wp-content\/uploads\/2022\/02\/A3C6B90A-C8ED-42FC-B2AB-E62C1B0C4640.jpeg 1488w\" sizes=\"auto, (max-width: 1024px) 100vw, 1024px\" \/><\/figure>\n\n\n\n<figure class=\"wp-block-image size-large\"><img loading=\"lazy\" decoding=\"async\" width=\"1024\" height=\"683\" src=\"https:\/\/encuentroinformativo.com.mx\/wp-content\/uploads\/2022\/02\/CB286221-F6DD-449E-BE00-5F40A91CCF80-1024x683.jpeg\" alt=\"\" class=\"wp-image-23942\" srcset=\"https:\/\/encuentroinformativo.com.mx\/wp-content\/uploads\/2022\/02\/CB286221-F6DD-449E-BE00-5F40A91CCF80-1024x683.jpeg 1024w, https:\/\/encuentroinformativo.com.mx\/wp-content\/uploads\/2022\/02\/CB286221-F6DD-449E-BE00-5F40A91CCF80-300x200.jpeg 300w, https:\/\/encuentroinformativo.com.mx\/wp-content\/uploads\/2022\/02\/CB286221-F6DD-449E-BE00-5F40A91CCF80-768x512.jpeg 768w, https:\/\/encuentroinformativo.com.mx\/wp-content\/uploads\/2022\/02\/CB286221-F6DD-449E-BE00-5F40A91CCF80.jpeg 1488w\" sizes=\"auto, (max-width: 1024px) 100vw, 1024px\" \/><\/figure>\n","protected":false},"excerpt":{"rendered":"<p>Xalapa, Ver.- El gobernador Cuitl\u00e1huac Garc\u00eda Jim\u00e9nez presidi\u00f3 en el Parque Ju\u00e1rez el evento conmemorativo al 201 aniversario del D\u00eda de la Bandera. El ejecutivo u estatal estuvo acompa\u00f1ado por la presidenta del TSJ, Isabel Romero Cruz, la Fiscal General, Ver\u00f3nica Hern\u00e1ndez Giad\u00e1ns, el secretario de SP, Hugo Guti\u00e9rrez Maldonado, el secretario de Gobierno, Erik [&hellip;]<\/p>\n","protected":false},"author":1,"featured_media":23940,"comment_status":"open","ping_status":"open","sticky":false,"template":"","format":"standard","meta":{"_jetpack_memberships_contains_paid_content":false,"footnotes":""},"categories":[3],"tags":[],"class_list":["post-23939","post","type-post","status-publish","format-standard","has-post-thumbnail","hentry","category-xalapa"],"jetpack_featured_media_url":"https:\/\/encuentroinformativo.com.mx\/wp-content\/uploads\/2022\/02\/1DEF4521-4211-4751-B148-C0122205A92E.jpeg","jetpack_sharing_enabled":true,"jetpack_likes_enabled":true,"amp_enabled":true,"_links":{"self":[{"href":"https:\/\/encuentroinformativo.com.mx\/index.php?rest_route=\/wp\/v2\/posts\/23939","targetHints":{"allow":["GET"]}}],"collection":[{"href":"https:\/\/encuentroinformativo.com.mx\/index.php?rest_route=\/wp\/v2\/posts"}],"about":[{"href":"https:\/\/encuentroinformativo.com.mx\/index.php?rest_route=\/wp\/v2\/types\/post"}],"author":[{"embeddable":true,"href":"https:\/\/encuentroinformativo.com.mx\/index.php?rest_route=\/wp\/v2\/users\/1"}],"replies":[{"embeddable":true,"href":"https:\/\/encuentroinformativo.com.mx\/index.php?rest_route=%2Fwp%2Fv2%2Fcomments&post=23939"}],"version-history":[{"count":1,"href":"https:\/\/encuentroinformativo.com.mx\/index.php?rest_route=\/wp\/v2\/posts\/23939\/revisions"}],"predecessor-version":[{"id":23943,"href":"https:\/\/encuentroinformativo.com.mx\/index.php?rest_route=\/wp\/v2\/posts\/23939\/revisions\/23943"}],"wp:featuredmedia":[{"embeddable":true,"href":"https:\/\/encuentroinformativo.com.mx\/index.php?rest_route=\/wp\/v2\/media\/23940"}],"wp:attachment":[{"href":"https:\/\/encuentroinformativo.com.mx\/index.php?rest_route=%2Fwp%2Fv2%2Fmedia&parent=23939"}],"wp:term":[{"taxonomy":"category","embeddable":true,"href":"https:\/\/encuentroinformativo.com.mx\/index.php?rest_route=%2Fwp%2Fv2%2Fcategories&post=23939"},{"taxonomy":"post_tag","embeddable":true,"href":"https:\/\/encuentroinformativo.com.mx\/index.php?rest_route=%2Fwp%2Fv2%2Ftags&post=23939"}],"curies":[{"name":"wp","href":"https:\/\/api.w.org\/{rel}","templated":true}]}}