{"id":23944,"date":"2022-02-24T11:42:30","date_gmt":"2022-02-24T17:42:30","guid":{"rendered":"https:\/\/encuentroinformativo.com.mx\/?p=23944"},"modified":"2022-02-24T11:42:34","modified_gmt":"2022-02-24T17:42:34","slug":"realizan-acto-civico-en-palacio-legislativo","status":"publish","type":"post","link":"https:\/\/encuentroinformativo.com.mx\/?p=23944","title":{"rendered":"Realizan acto c\u00edvico en Palacio Legislativo"},"content":{"rendered":"\n<p><strong>* El l\u00e1baro patrio ha sido testigo de los grandes cambios del pa\u00eds, afirma el contralor interno, Ren\u00e9 Buenrostro Hern\u00e1ndez.<\/strong><\/p>\n\n\n\n<p>Xalapa, Ver.- Este 24 de febrero, D\u00eda de la Bandera, el Congreso del Estado de Veracruz llev\u00f3 a cabo un acto c\u00edvico en la explanada del Palacio Legislativo, con la presencia de diputadas y diputados, encabezados por el presidente de la Junta de Coordinaci\u00f3n Pol\u00edtica (Jucopo), Juan Javier G\u00f3mez Cazar\u00edn.<\/p>\n\n\n\n<p>Tras la recepci\u00f3n e izamiento de la bandera y la entonaci\u00f3n del himno nacional, el titular de la Contralor\u00eda Interna del Poder Legislativo, Ren\u00e9 Buenrostro Hern\u00e1ndez, signific\u00f3 la importancia del l\u00e1baro patrio a lo largo de la historia de M\u00e9xico y enlist\u00f3 una serie de acontecimientos que han tenido a la Bandera nacional como principal testigo.<\/p>\n\n\n\n<p>Agreg\u00f3 que, junto al Escudo y al Himno Nacional, la Bandera es uno de los s\u00edmbolos que identifican a las y los mexicanos y sin\u00f3nimo de identidad y soberan\u00eda.<\/p>\n\n\n\n<p>Raz\u00f3n por la cual, expres\u00f3, es de suma relevancia que las y los servidores p\u00fablicos den buen ejemplo en el quehacer gubernamental, conduci\u00e9ndose con honradez, respeto, eficacia, eficiencia, rendici\u00f3n de cuentas, transparencia y profesionalismo.<\/p>\n\n\n\n<p>Atestiguaron este acto c\u00edvico, adem\u00e1s del diputado Juan Javier G\u00f3mez Cazar\u00edn, las legisladoras Jessica Ram\u00edrez Cisneros, Arianna Guadalupe \u00c1ngeles Aguirre, Magaly Armenta Oliveros y Lourdes Ju\u00e1rez Lara, as\u00ed como los legisladores Fernando Arteaga Aponte, Paul Mart\u00ednez Marie y Luis Fernando Cervantes Cruz.<\/p>\n\n\n\n<p>Tambi\u00e9n, el secretario general del Congreso del Estado, Domingo Bahena Corbal\u00e1; el secretario general del Sindicato \u00danico de Trabajadores al Servicio del Poder Legislativo (SUTSPL), Jos\u00e9 de Jes\u00fas Rodr\u00edguez Hern\u00e1ndez; el secretario de Servicios Legislativos, Alexis S\u00e1nchez Garc\u00eda; la secretaria de Servicios Administrativos y Financieros, Irma Ariadna Leal Morales, as\u00ed como coordinadores, jefes de \u00e1rea y personal administrativo de este Congreso local.<\/p>\n","protected":false},"excerpt":{"rendered":"<p>* El l\u00e1baro patrio ha sido testigo de los grandes cambios del pa\u00eds, afirma el contralor interno, Ren\u00e9 Buenrostro Hern\u00e1ndez. Xalapa, Ver.- Este 24 de febrero, D\u00eda de la Bandera, el Congreso del Estado de Veracruz llev\u00f3 a cabo un acto c\u00edvico en la explanada del Palacio Legislativo, con la presencia de diputadas y diputados, [&hellip;]<\/p>\n","protected":false},"author":1,"featured_media":23945,"comment_status":"open","ping_status":"open","sticky":false,"template":"","format":"standard","meta":{"_jetpack_memberships_contains_paid_content":false,"footnotes":""},"categories":[2],"tags":[],"class_list":["post-23944","post","type-post","status-publish","format-standard","has-post-thumbnail","hentry","category-estado"],"jetpack_featured_media_url":"https:\/\/encuentroinformativo.com.mx\/wp-content\/uploads\/2022\/02\/31BAE0D8-45ED-4FB2-B7C3-A35F278473E2.jpeg","jetpack_sharing_enabled":true,"jetpack_likes_enabled":true,"amp_enabled":true,"_links":{"self":[{"href":"https:\/\/encuentroinformativo.com.mx\/index.php?rest_route=\/wp\/v2\/posts\/23944","targetHints":{"allow":["GET"]}}],"collection":[{"href":"https:\/\/encuentroinformativo.com.mx\/index.php?rest_route=\/wp\/v2\/posts"}],"about":[{"href":"https:\/\/encuentroinformativo.com.mx\/index.php?rest_route=\/wp\/v2\/types\/post"}],"author":[{"embeddable":true,"href":"https:\/\/encuentroinformativo.com.mx\/index.php?rest_route=\/wp\/v2\/users\/1"}],"replies":[{"embeddable":true,"href":"https:\/\/encuentroinformativo.com.mx\/index.php?rest_route=%2Fwp%2Fv2%2Fcomments&post=23944"}],"version-history":[{"count":1,"href":"https:\/\/encuentroinformativo.com.mx\/index.php?rest_route=\/wp\/v2\/posts\/23944\/revisions"}],"predecessor-version":[{"id":23946,"href":"https:\/\/encuentroinformativo.com.mx\/index.php?rest_route=\/wp\/v2\/posts\/23944\/revisions\/23946"}],"wp:featuredmedia":[{"embeddable":true,"href":"https:\/\/encuentroinformativo.com.mx\/index.php?rest_route=\/wp\/v2\/media\/23945"}],"wp:attachment":[{"href":"https:\/\/encuentroinformativo.com.mx\/index.php?rest_route=%2Fwp%2Fv2%2Fmedia&parent=23944"}],"wp:term":[{"taxonomy":"category","embeddable":true,"href":"https:\/\/encuentroinformativo.com.mx\/index.php?rest_route=%2Fwp%2Fv2%2Fcategories&post=23944"},{"taxonomy":"post_tag","embeddable":true,"href":"https:\/\/encuentroinformativo.com.mx\/index.php?rest_route=%2Fwp%2Fv2%2Ftags&post=23944"}],"curies":[{"name":"wp","href":"https:\/\/api.w.org\/{rel}","templated":true}]}}