{"id":23947,"date":"2022-02-24T11:49:37","date_gmt":"2022-02-24T17:49:37","guid":{"rendered":"https:\/\/encuentroinformativo.com.mx\/?p=23947"},"modified":"2022-02-24T11:49:41","modified_gmt":"2022-02-24T17:49:41","slug":"evacuan-haev-tras-incendio-en-oficina-de-gobierno","status":"publish","type":"post","link":"https:\/\/encuentroinformativo.com.mx\/?p=23947","title":{"rendered":"Evacuan HAEV tras incendio en Oficina de Gobierno"},"content":{"rendered":"\n<p><strong>Alejandro \u00c1vila<\/strong><\/p>\n\n\n\n<p>Veracruz, Ver.- La ma\u00f1ana de este jueves pacientes y personal del Hospital de Alta Especialidad de Veracruz (HAEV), fueron evacuados del nosocomio debido a un incendio que se suscit\u00f3 en el segundo piso, espec\u00edficamente en la Oficina de Gobierno.<\/p>\n\n\n\n<p>Testigos relatan que, dentro de la oficina se produjo un cortocircuito, mismo que intentaron sofocar con los extintores que ten\u00edan a su alcance; sin embargo, no fue posible controlar el incendio, por lo que llamaron al n\u00famero de emergencia 911, qui\u00e9n envi\u00f3 al Heroico Cuerpo de Bomberos de Veracruz.<\/p>\n\n\n\n<p>Minutos m\u00e1s tarde, personal de Tr\u00e1nsito Municipal y Estatal bloquearon la calle Alacio P\u00e9rez, as\u00ed como la avenida 20 de Noviembre, para que los elementos de Protecci\u00f3n Civil, Polic\u00eda Estatal y Bomberos, pudieran realizar sus maniobras sin inconvenientes.<\/p>\n\n\n\n<p>Durante las maniobras, diversos pacientes fueron evacuados, y algunos permanec\u00edan en sus camas, custodiados por una enfermera, qui\u00e9n le sosten\u00eda el suero.<\/p>\n\n\n\n<p>De manera preliminar se inform\u00f3 que, ning\u00fan paciente, ni personal m\u00e9dico o administrativo del Hospital de Alta Especialidad de Veracruz sufri\u00f3 alg\u00fan da\u00f1o por el incendio o intoxicaci\u00f3n por el humo.<\/p>\n\n\n\n<figure class=\"wp-block-image size-large\"><img loading=\"lazy\" decoding=\"async\" width=\"768\" height=\"1024\" src=\"https:\/\/encuentroinformativo.com.mx\/wp-content\/uploads\/2022\/02\/D1D47D24-4FBC-4E6F-80B1-CF723746730C-768x1024.jpeg\" alt=\"\" class=\"wp-image-23949\" srcset=\"https:\/\/encuentroinformativo.com.mx\/wp-content\/uploads\/2022\/02\/D1D47D24-4FBC-4E6F-80B1-CF723746730C-768x1024.jpeg 768w, https:\/\/encuentroinformativo.com.mx\/wp-content\/uploads\/2022\/02\/D1D47D24-4FBC-4E6F-80B1-CF723746730C-225x300.jpeg 225w, https:\/\/encuentroinformativo.com.mx\/wp-content\/uploads\/2022\/02\/D1D47D24-4FBC-4E6F-80B1-CF723746730C-1152x1536.jpeg 1152w, https:\/\/encuentroinformativo.com.mx\/wp-content\/uploads\/2022\/02\/D1D47D24-4FBC-4E6F-80B1-CF723746730C.jpeg 1200w\" sizes=\"auto, (max-width: 768px) 100vw, 768px\" \/><\/figure>\n","protected":false},"excerpt":{"rendered":"<p>Alejandro \u00c1vila Veracruz, Ver.- La ma\u00f1ana de este jueves pacientes y personal del Hospital de Alta Especialidad de Veracruz (HAEV), fueron evacuados del nosocomio debido a un incendio que se suscit\u00f3 en el segundo piso, espec\u00edficamente en la Oficina de Gobierno. Testigos relatan que, dentro de la oficina se produjo un cortocircuito, mismo que intentaron [&hellip;]<\/p>\n","protected":false},"author":1,"featured_media":23948,"comment_status":"open","ping_status":"open","sticky":false,"template":"","format":"standard","meta":{"_jetpack_memberships_contains_paid_content":false,"footnotes":""},"categories":[2],"tags":[],"class_list":["post-23947","post","type-post","status-publish","format-standard","has-post-thumbnail","hentry","category-estado"],"jetpack_featured_media_url":"https:\/\/encuentroinformativo.com.mx\/wp-content\/uploads\/2022\/02\/2F2BE8D5-B19E-484B-92D8-4745BFC4AEAF.jpeg","jetpack_sharing_enabled":true,"jetpack_likes_enabled":true,"amp_enabled":true,"_links":{"self":[{"href":"https:\/\/encuentroinformativo.com.mx\/index.php?rest_route=\/wp\/v2\/posts\/23947","targetHints":{"allow":["GET"]}}],"collection":[{"href":"https:\/\/encuentroinformativo.com.mx\/index.php?rest_route=\/wp\/v2\/posts"}],"about":[{"href":"https:\/\/encuentroinformativo.com.mx\/index.php?rest_route=\/wp\/v2\/types\/post"}],"author":[{"embeddable":true,"href":"https:\/\/encuentroinformativo.com.mx\/index.php?rest_route=\/wp\/v2\/users\/1"}],"replies":[{"embeddable":true,"href":"https:\/\/encuentroinformativo.com.mx\/index.php?rest_route=%2Fwp%2Fv2%2Fcomments&post=23947"}],"version-history":[{"count":1,"href":"https:\/\/encuentroinformativo.com.mx\/index.php?rest_route=\/wp\/v2\/posts\/23947\/revisions"}],"predecessor-version":[{"id":23950,"href":"https:\/\/encuentroinformativo.com.mx\/index.php?rest_route=\/wp\/v2\/posts\/23947\/revisions\/23950"}],"wp:featuredmedia":[{"embeddable":true,"href":"https:\/\/encuentroinformativo.com.mx\/index.php?rest_route=\/wp\/v2\/media\/23948"}],"wp:attachment":[{"href":"https:\/\/encuentroinformativo.com.mx\/index.php?rest_route=%2Fwp%2Fv2%2Fmedia&parent=23947"}],"wp:term":[{"taxonomy":"category","embeddable":true,"href":"https:\/\/encuentroinformativo.com.mx\/index.php?rest_route=%2Fwp%2Fv2%2Fcategories&post=23947"},{"taxonomy":"post_tag","embeddable":true,"href":"https:\/\/encuentroinformativo.com.mx\/index.php?rest_route=%2Fwp%2Fv2%2Ftags&post=23947"}],"curies":[{"name":"wp","href":"https:\/\/api.w.org\/{rel}","templated":true}]}}