{"id":23951,"date":"2022-02-24T12:11:07","date_gmt":"2022-02-24T18:11:07","guid":{"rendered":"https:\/\/encuentroinformativo.com.mx\/?p=23951"},"modified":"2022-02-24T12:11:10","modified_gmt":"2022-02-24T18:11:10","slug":"alcaldesa-quiere-imponer-director-de-tecnologico-sev","status":"publish","type":"post","link":"https:\/\/encuentroinformativo.com.mx\/?p=23951","title":{"rendered":"Alcaldesa quiere imponer director de Tecnol\u00f3gico: SEV"},"content":{"rendered":"\n<p><strong>Dar\u00edo Pale <\/strong><\/p>\n\n\n\n<p>Xalapa, Ver.- El conflicto estudiantil en el Instituto Tecnol\u00f3gico de Alvarado tiene un trasfondo pol\u00edtico y de intereses de la alcaldesa, Lizzetth \u00c1lvarez Vela, confirm\u00f3 este jueves el \u00a0secretario de Educaci\u00f3n en Veracruz, Zenyazen Escobar Garc\u00eda.<\/p>\n\n\n\n<p>Entrevistado en el parque Ju\u00e1rez al t\u00e9rmino de la celebraci\u00f3n del Da de la Bandera acus\u00f3 a la alcaldesa de Alvarado, Lizzette \u00c1lvarez, de buscar poner a un director para el Tecnol\u00f3gico de dicho municipio &#8220;a modo&#8221;.<\/p>\n\n\n\n<p>Dio a conocer que se est\u00e1 buscando el di\u00e1logo con los estudiantes que mantienen tomadas las instalaciones del plantel educativo, sin embargo han mostrado &#8220;cerraz\u00f3n&#8221;.<\/p>\n\n\n\n<p>\u201cHay cerraz\u00f3n, en este caso de los estudiantes, ya se est\u00e1 viendo la manera \u00a0para tener la interlocuci\u00f3n, con la Direcci\u00f3n Nacional de Tecnol\u00f3gicos, pero si hubiera cualquier situaci\u00f3n\u2026 nosotros hemos sido muy claros en esta administraci\u00f3n, persona que en verdad le mete la mano al caj\u00f3n, lo hemos estado corriendo. Ha sido la instrucci\u00f3n de nuestro gobernador no permitir la corrupci\u00f3n y si nosotros en cierto momento vi\u00e9ramos que hubiera un acto de esos, lo hubi\u00e9ramos sancionado ya, pero no es as\u00ed, hasta el momento no es as\u00ed, es un tema m\u00e1s que nada de golpeteo, porque ah\u00ed lo que plantean es el mal manejo de los recursos, yo siento que es un tema pol\u00edtico, quitar al Director y poner a alguien a modo de la alcaldesa y no es as\u00ed\u201d, se\u00f1al\u00f3.<\/p>\n\n\n\n<p>Lament\u00f3 que se est\u00e9 empa\u00f1ando el trabajo del actual director del tecnol\u00f3gico de Alvarado con golpeteos que son meramente pol\u00edticos, ya que no hay pruebas de que exista un mal manejo de recursos, como acusan, ya que si ese fuera el caso y se estuviera &#8220;metiendo mano al caj\u00f3n&#8221; la propia Secretar\u00eda ya hubiera actuado para sancionar al docente, no obstante descart\u00f3 que eso est\u00e9 ocurriendo.<\/p>\n\n\n\n<p>\u201cAh\u00ed tambi\u00e9n lo que plantean es el mal manejo de los recursos, entonces yo siento que es m\u00e1s un tema pol\u00edtico para quitar al director y tratar de poner a alguien a modo de la alcaldesa y no es as\u00ed&#8221;, coment\u00f3.<\/p>\n\n\n\n<p>Adelant\u00f3 que ser\u00e1 la Direcci\u00f3n Nacional de \u00a0Institutos Tecnol\u00f3gicos quien intervenga para investigar el majo de recursos y mantenimiento que habr\u00eda motivado que los estudiantes tomaran desde el pasado martes las instalaciones de este plantel.<\/p>\n\n\n\n<p>Al concluir, le env\u00edo un mensaje a la presidenta municipal Lizzette \u00c1lvarez, record\u00e1ndole que los tiempos han cambiado y que no es con golpeteo que se consigue colocar a alguien, Escobar Garc\u00eda insisti\u00f3 en que se trata de un golpeteo pol\u00edtico para destituir al actual director, Miguel \u00c1ngel Hern\u00e1ndez.<\/p>\n\n\n\n<p>Finalmente cabe mencionar que este mi\u00e9rcoles, el gobernador Cuitl\u00e1huac Garc\u00eda Jim\u00e9nez reiter\u00f3 que la alcaldesa Lizzetth \u00c1lvarez Vela es investigada por su presunta relaci\u00f3n con la delincuencia organizada antes de tomar protesta como presidenta municipal.<\/p>\n","protected":false},"excerpt":{"rendered":"<p>Dar\u00edo Pale Xalapa, Ver.- El conflicto estudiantil en el Instituto Tecnol\u00f3gico de Alvarado tiene un trasfondo pol\u00edtico y de intereses de la alcaldesa, Lizzetth \u00c1lvarez Vela, confirm\u00f3 este jueves el \u00a0secretario de Educaci\u00f3n en Veracruz, Zenyazen Escobar Garc\u00eda. Entrevistado en el parque Ju\u00e1rez al t\u00e9rmino de la celebraci\u00f3n del Da de la Bandera acus\u00f3 a [&hellip;]<\/p>\n","protected":false},"author":1,"featured_media":23952,"comment_status":"open","ping_status":"open","sticky":false,"template":"","format":"standard","meta":{"_jetpack_memberships_contains_paid_content":false,"footnotes":""},"categories":[2],"tags":[],"class_list":["post-23951","post","type-post","status-publish","format-standard","has-post-thumbnail","hentry","category-estado"],"jetpack_featured_media_url":"https:\/\/encuentroinformativo.com.mx\/wp-content\/uploads\/2022\/02\/E02C9CFD-5BE1-4B31-8F55-6B3DEB0A3E7B.jpeg","jetpack_sharing_enabled":true,"jetpack_likes_enabled":true,"amp_enabled":true,"_links":{"self":[{"href":"https:\/\/encuentroinformativo.com.mx\/index.php?rest_route=\/wp\/v2\/posts\/23951","targetHints":{"allow":["GET"]}}],"collection":[{"href":"https:\/\/encuentroinformativo.com.mx\/index.php?rest_route=\/wp\/v2\/posts"}],"about":[{"href":"https:\/\/encuentroinformativo.com.mx\/index.php?rest_route=\/wp\/v2\/types\/post"}],"author":[{"embeddable":true,"href":"https:\/\/encuentroinformativo.com.mx\/index.php?rest_route=\/wp\/v2\/users\/1"}],"replies":[{"embeddable":true,"href":"https:\/\/encuentroinformativo.com.mx\/index.php?rest_route=%2Fwp%2Fv2%2Fcomments&post=23951"}],"version-history":[{"count":1,"href":"https:\/\/encuentroinformativo.com.mx\/index.php?rest_route=\/wp\/v2\/posts\/23951\/revisions"}],"predecessor-version":[{"id":23953,"href":"https:\/\/encuentroinformativo.com.mx\/index.php?rest_route=\/wp\/v2\/posts\/23951\/revisions\/23953"}],"wp:featuredmedia":[{"embeddable":true,"href":"https:\/\/encuentroinformativo.com.mx\/index.php?rest_route=\/wp\/v2\/media\/23952"}],"wp:attachment":[{"href":"https:\/\/encuentroinformativo.com.mx\/index.php?rest_route=%2Fwp%2Fv2%2Fmedia&parent=23951"}],"wp:term":[{"taxonomy":"category","embeddable":true,"href":"https:\/\/encuentroinformativo.com.mx\/index.php?rest_route=%2Fwp%2Fv2%2Fcategories&post=23951"},{"taxonomy":"post_tag","embeddable":true,"href":"https:\/\/encuentroinformativo.com.mx\/index.php?rest_route=%2Fwp%2Fv2%2Ftags&post=23951"}],"curies":[{"name":"wp","href":"https:\/\/api.w.org\/{rel}","templated":true}]}}