{"id":23954,"date":"2022-02-24T12:35:07","date_gmt":"2022-02-24T18:35:07","guid":{"rendered":"https:\/\/encuentroinformativo.com.mx\/?p=23954"},"modified":"2022-02-24T12:35:10","modified_gmt":"2022-02-24T18:35:10","slug":"se-analiza-suspension-de-cobro-de-servicios-ambientales-alcalde","status":"publish","type":"post","link":"https:\/\/encuentroinformativo.com.mx\/?p=23954","title":{"rendered":"Se analiza suspensi\u00f3n de cobro de servicios ambientales: Alcalde"},"content":{"rendered":"\n<p><strong>Dar\u00edo Pale<\/strong><\/p>\n\n\n\n<p>Xalapa, Ver.- El presidente municipal de Xalapa Ricardo Ahued Bardahuil dio a conocer que pr\u00f3ximamente dejaran de cobrar los Servicios Ambientales que se est\u00e1 realizando a trav\u00e9s del servicio de agua como lo comenz\u00f3 a realizar la pasada administraci\u00f3n municipal.<\/p>\n\n\n\n<p>Entrevistado en el parque Ju\u00e1rez se\u00f1al\u00f3 que actualmente se paga de manera &#8220;voluntaria&#8221;, con el recibo del agua en la Comisi\u00f3n Municipal de Agua y Saneamiento (CMAS) y se incluye en el servicio de cobro incluso a las personas que hacen su pago anual anticipado, lo que recientemente gener\u00f3 algunas quejas.<\/p>\n\n\n\n<p>El alcalde dijo que los Servicios Ambientales pueden solventarse con presupuesto municipal y no con aportaciones de los xalape\u00f1os, \u201cestamos revisando la formalidad para evitar el cobro y seguir trabajando con servicios ambientales, el ayuntamiento de Xalapa tiene la obligaci\u00f3n de trabajar en los temas de servicios ambientales, pero creo que se tiene que aprobar de otra forma de acuerdo a las econom\u00edas y participar en estos procesos de servicios ambientales importante para toda la regi\u00f3n\u201d.<\/p>\n\n\n\n<p>Cabe recordar que el a\u00f1o pasado, el \u00d3rgano de Gobierno de la Comisi\u00f3n Municipal de Agua y Saneamiento de Xalapa (CMAS) autoriz\u00f3 un cobro del 2 por ciento sobre el recibo mensual por los servicios de agua, drenaje y saneamiento, como aportaci\u00f3n voluntaria de las personas usuarias para el pago de servicios ambientales.<\/p>\n\n\n\n<p>Ahued Bardahuil dijo que se har\u00e1 lo correspondiente para evitar ese cobro, sin afectar el presupuesto al cuidado y remediaci\u00f3n ambiental en la zona de donde se suministra de agua a Xalapa.<\/p>\n\n\n\n<p>\u201cEstamos revisando la formalidad para evitar el cobro y seguir trabajando con servicios ambientales, el ayuntamiento de Xalapa tiene la obligaci\u00f3n de trabajar en los temas de servicios ambientales, pero creo que se tiene que aprobar de otra forma de acuerdo a las econom\u00edas y participar en estos procesos de servicios ambientales importante para toda la regi\u00f3n\u201d, coment\u00f3.<\/p>\n\n\n\n<p>Finalmente se\u00f1al\u00f3 \u201cestamos revisando el sistema incluso para que tengamos oportunidad de evitarlo hasta en cuanto quede formalmente si se sigue o de plano se elimina y esa aportaci\u00f3n que haga el organismo, se haga por proyectos espec\u00edficos, para tratamientos espec\u00edficos ambientales\u201d.<\/p>\n","protected":false},"excerpt":{"rendered":"<p>Dar\u00edo Pale Xalapa, Ver.- El presidente municipal de Xalapa Ricardo Ahued Bardahuil dio a conocer que pr\u00f3ximamente dejaran de cobrar los Servicios Ambientales que se est\u00e1 realizando a trav\u00e9s del servicio de agua como lo comenz\u00f3 a realizar la pasada administraci\u00f3n municipal. Entrevistado en el parque Ju\u00e1rez se\u00f1al\u00f3 que actualmente se paga de manera &#8220;voluntaria&#8221;, [&hellip;]<\/p>\n","protected":false},"author":1,"featured_media":10900,"comment_status":"open","ping_status":"open","sticky":false,"template":"","format":"standard","meta":{"_jetpack_memberships_contains_paid_content":false,"footnotes":""},"categories":[3],"tags":[],"class_list":["post-23954","post","type-post","status-publish","format-standard","has-post-thumbnail","hentry","category-xalapa"],"jetpack_featured_media_url":"https:\/\/encuentroinformativo.com.mx\/wp-content\/uploads\/2021\/02\/CMAS.jpg","jetpack_sharing_enabled":true,"jetpack_likes_enabled":true,"amp_enabled":true,"_links":{"self":[{"href":"https:\/\/encuentroinformativo.com.mx\/index.php?rest_route=\/wp\/v2\/posts\/23954","targetHints":{"allow":["GET"]}}],"collection":[{"href":"https:\/\/encuentroinformativo.com.mx\/index.php?rest_route=\/wp\/v2\/posts"}],"about":[{"href":"https:\/\/encuentroinformativo.com.mx\/index.php?rest_route=\/wp\/v2\/types\/post"}],"author":[{"embeddable":true,"href":"https:\/\/encuentroinformativo.com.mx\/index.php?rest_route=\/wp\/v2\/users\/1"}],"replies":[{"embeddable":true,"href":"https:\/\/encuentroinformativo.com.mx\/index.php?rest_route=%2Fwp%2Fv2%2Fcomments&post=23954"}],"version-history":[{"count":1,"href":"https:\/\/encuentroinformativo.com.mx\/index.php?rest_route=\/wp\/v2\/posts\/23954\/revisions"}],"predecessor-version":[{"id":23955,"href":"https:\/\/encuentroinformativo.com.mx\/index.php?rest_route=\/wp\/v2\/posts\/23954\/revisions\/23955"}],"wp:featuredmedia":[{"embeddable":true,"href":"https:\/\/encuentroinformativo.com.mx\/index.php?rest_route=\/wp\/v2\/media\/10900"}],"wp:attachment":[{"href":"https:\/\/encuentroinformativo.com.mx\/index.php?rest_route=%2Fwp%2Fv2%2Fmedia&parent=23954"}],"wp:term":[{"taxonomy":"category","embeddable":true,"href":"https:\/\/encuentroinformativo.com.mx\/index.php?rest_route=%2Fwp%2Fv2%2Fcategories&post=23954"},{"taxonomy":"post_tag","embeddable":true,"href":"https:\/\/encuentroinformativo.com.mx\/index.php?rest_route=%2Fwp%2Fv2%2Ftags&post=23954"}],"curies":[{"name":"wp","href":"https:\/\/api.w.org\/{rel}","templated":true}]}}