{"id":23956,"date":"2022-02-24T13:26:59","date_gmt":"2022-02-24T19:26:59","guid":{"rendered":"https:\/\/encuentroinformativo.com.mx\/?p=23956"},"modified":"2022-02-24T13:27:02","modified_gmt":"2022-02-24T19:27:02","slug":"secretaria-de-educacion-sin-dano-patrimonial-destaca-oficial-mayor","status":"publish","type":"post","link":"https:\/\/encuentroinformativo.com.mx\/?p=23956","title":{"rendered":"Secretar\u00eda de Educaci\u00f3n sin da\u00f1o patrimonial, destaca Oficial Mayor"},"content":{"rendered":"\n<p><strong>Dar\u00edo Pale <\/strong><\/p>\n\n\n\n<p>Xalapa, Ver.- Calific\u00f3 como \u201chist\u00f3rico\u201d el que esta dependencia por primera vez no registre da\u00f1o patrimonial en la revisi\u00f3n de la Auditor\u00eda Superior de la Federaci\u00f3n, as\u00ed lo se\u00f1al\u00f3 la oficial mayor de la Secretar\u00eda de Educaci\u00f3n de Veracruz (SEV), Ariadna Selene Aguilar Amaya.<\/p>\n\n\n\n<p>En entrevista reconoci\u00f3 el trabajo de todos los integrantes de la SEV encargados de la administraci\u00f3n de los recursos p\u00fablicos.<\/p>\n\n\n\n<p>\u201cPor primera vez en toda la historia de la Secretar\u00eda no tiene ninguna observaci\u00f3n por da\u00f1o patrimonial y eso es de destacarse. Ha sido un trabajo arduo de todos para mejorar los procesos y esto pueda suceder&#8221;, se\u00f1al\u00f3.<\/p>\n\n\n\n<p>En otro orden de ideas en cuanto a los pagos a personas que fallecieron coment\u00f3 que, \u201cla Secretar\u00eda est\u00e1 eficientando los procesos para poder hacer un <em>match<\/em> incluso con Renapo y el propio Registro Civil, para determinar el momento en que alguno de los compa\u00f1eros fallezca, no precisamente cortarles el pago, sino retener el cheque. Nosotros no podemos retener el pago a un compa\u00f1ero si no tenemos el documento oficial como es el acta de defunci\u00f3n. Ser\u00eda lesionar tambi\u00e9n sus derechos\u201d.<\/p>\n\n\n\n<p>Por lo que la SEV no puede dejar de pagar a trabajadores fallecidos hasta que la familia entrega acta de defunci\u00f3n, no se desampara a trabajadores s\u00f3lo por chismes, debe haber confirmaciones y luego se hacen reintegros a Federaci\u00f3n.<\/p>\n\n\n\n<p>Explic\u00f3 que para dar de baja a un trabajador fallecido deben pasar varios procesos, acus\u00f3 la ignorancia del o los medios de comunicaci\u00f3n que difundieron dicha mala noticia por desconocimiento de los procesos.<\/p>\n\n\n\n<p>Primero explic\u00f3 que la dependencia es la segunda m\u00e1s grande a nivel nacional, es la m\u00e1s compleja debido a que cuenta con distintos tipos de plazas, tiene una enorme orograf\u00eda y distancias como ning\u00fan otro estado del pa\u00eds, adem\u00e1s de que cuenta con todos los subsistemas y todos los niveles, as\u00ed como distintos tipos de maestros.<\/p>\n\n\n\n<p>&#8220;Nosotros como Secretar\u00eda de Educaci\u00f3n no podemos dejarle de pagar en ning\u00fan momento a ning\u00fan trabajador, el proceso de la n\u00f3mina lleva de una a 2 semanas, a veces m\u00e1s tiempo, porque nosotros procesamos la n\u00f3mina, la mandamos a la Federaci\u00f3n, la revisan. Pasan ciertos procesos y al final el banco&#8221;, destac\u00f3.<\/p>\n\n\n\n<p>De manera que si la Secretar\u00eda tuviera que pagar ma\u00f1ana, la dependencia se tendr\u00eda que anticipar por lo menos un mes para pagar la n\u00f3mina.<\/p>\n\n\n\n<p>A\u00f1adi\u00f3 que no se le puede exigir al familiar que est\u00e1 pasando por un dolor muy grande que devuelva lo que se le pag\u00f3 de m\u00e1s, eso fue lo que se gener\u00f3 e insisti\u00f3 en que deben esperar a que se realicen los tr\u00e1mites oficiales y que el familiar pueda presentar el acta de defunci\u00f3n y reintegrar a la Federaci\u00f3n.<\/p>\n\n\n\n<p>En ese sentido, abund\u00f3 que si alguien muri\u00f3 en diciembre y la familia avisa dos o tres meses despu\u00e9s y las auditor\u00edas son a partir de marzo o piden informaci\u00f3n antes, obviamente la SEV debe esperar el proceso en lo que se hace el reintegro y hacer devoluciones, por lo que no es algo inmediato.<\/p>\n\n\n\n<p>Por \u00faltimo inform\u00f3 que hasta que concluye la ASF tienen el tiempo para comprobar que se hizo el debido reintegro a la Federaci\u00f3n como corresponde.<\/p>\n","protected":false},"excerpt":{"rendered":"<p>Dar\u00edo Pale Xalapa, Ver.- Calific\u00f3 como \u201chist\u00f3rico\u201d el que esta dependencia por primera vez no registre da\u00f1o patrimonial en la revisi\u00f3n de la Auditor\u00eda Superior de la Federaci\u00f3n, as\u00ed lo se\u00f1al\u00f3 la oficial mayor de la Secretar\u00eda de Educaci\u00f3n de Veracruz (SEV), Ariadna Selene Aguilar Amaya. En entrevista reconoci\u00f3 el trabajo de todos los integrantes [&hellip;]<\/p>\n","protected":false},"author":1,"featured_media":23957,"comment_status":"open","ping_status":"open","sticky":false,"template":"","format":"standard","meta":{"_jetpack_memberships_contains_paid_content":false,"footnotes":""},"categories":[2],"tags":[],"class_list":["post-23956","post","type-post","status-publish","format-standard","has-post-thumbnail","hentry","category-estado"],"jetpack_featured_media_url":"https:\/\/encuentroinformativo.com.mx\/wp-content\/uploads\/2022\/02\/7836D29C-0E1A-40ED-B5DF-B94C8AA37634.jpeg","jetpack_sharing_enabled":true,"jetpack_likes_enabled":true,"amp_enabled":true,"_links":{"self":[{"href":"https:\/\/encuentroinformativo.com.mx\/index.php?rest_route=\/wp\/v2\/posts\/23956","targetHints":{"allow":["GET"]}}],"collection":[{"href":"https:\/\/encuentroinformativo.com.mx\/index.php?rest_route=\/wp\/v2\/posts"}],"about":[{"href":"https:\/\/encuentroinformativo.com.mx\/index.php?rest_route=\/wp\/v2\/types\/post"}],"author":[{"embeddable":true,"href":"https:\/\/encuentroinformativo.com.mx\/index.php?rest_route=\/wp\/v2\/users\/1"}],"replies":[{"embeddable":true,"href":"https:\/\/encuentroinformativo.com.mx\/index.php?rest_route=%2Fwp%2Fv2%2Fcomments&post=23956"}],"version-history":[{"count":1,"href":"https:\/\/encuentroinformativo.com.mx\/index.php?rest_route=\/wp\/v2\/posts\/23956\/revisions"}],"predecessor-version":[{"id":23958,"href":"https:\/\/encuentroinformativo.com.mx\/index.php?rest_route=\/wp\/v2\/posts\/23956\/revisions\/23958"}],"wp:featuredmedia":[{"embeddable":true,"href":"https:\/\/encuentroinformativo.com.mx\/index.php?rest_route=\/wp\/v2\/media\/23957"}],"wp:attachment":[{"href":"https:\/\/encuentroinformativo.com.mx\/index.php?rest_route=%2Fwp%2Fv2%2Fmedia&parent=23956"}],"wp:term":[{"taxonomy":"category","embeddable":true,"href":"https:\/\/encuentroinformativo.com.mx\/index.php?rest_route=%2Fwp%2Fv2%2Fcategories&post=23956"},{"taxonomy":"post_tag","embeddable":true,"href":"https:\/\/encuentroinformativo.com.mx\/index.php?rest_route=%2Fwp%2Fv2%2Ftags&post=23956"}],"curies":[{"name":"wp","href":"https:\/\/api.w.org\/{rel}","templated":true}]}}