{"id":23962,"date":"2022-02-24T14:41:21","date_gmt":"2022-02-24T20:41:21","guid":{"rendered":"https:\/\/encuentroinformativo.com.mx\/?p=23962"},"modified":"2022-02-24T14:41:24","modified_gmt":"2022-02-24T20:41:24","slug":"cam-12-en-veracruz-puerto-sufrio-10-robos-en-1-ano","status":"publish","type":"post","link":"https:\/\/encuentroinformativo.com.mx\/?p=23962","title":{"rendered":"CAM 12 en Veracruz puerto sufri\u00f3 10 robos en 1 a\u00f1o"},"content":{"rendered":"\n<p><strong>Alejandro \u00c1vila<\/strong><\/p>\n\n\n\n<p>Veracruz, Ver.- A pesar de que el Centro de Atenci\u00f3n M\u00faltiple (CAM) 12, qu\u00e9 se ubica en la colonia Astilleros del municipio de Veracruz, ha sido reparada por padres de familia, personal docente y apoyo de iniciativa privada, a\u00fan queda mucho por mejorar, pues el abandono por pandemia les afect\u00f3 en demas\u00eda.<\/p>\n\n\n\n<p>Marco Antonio Ram\u00edrez Cazar\u00edn, director del plantel educativo, mencion\u00f3 que hoy en d\u00eda, atienden a un total de 45 alumnos, de educaci\u00f3n primaria, secundaria y taller laboral.<\/p>\n\n\n\n<p>&#8220;La impermeabilizaci\u00f3n que ustedes ven, est\u00e1n da\u00f1ados nuestros alerones, y por dentro ya se est\u00e1 filtrando el agua, se le pudo dar una pintada a la escuela pero\u2026 nos ayuda tambi\u00e9n el Ayuntamiento en la limpieza de la escuela (\u2026) s\u00ed, hemos sido v\u00edctimas de robo, 10 robos sufrimos, se robaron los cables, en la \u00faltima vez no se los pudieron llevar, solamente los dejaron enrollados, y pudimos rescatarlos, porque hab\u00eda una persona aqu\u00ed que nos estaba auxiliando&#8221;, destac\u00f3 el docente.<\/p>\n\n\n\n<p>Ram\u00edrez Cazar\u00edn dijo que los 10 robos se dieron en un lapso de un a\u00f1o; aunque a la fecha, afortunadamente, personal de la Secretar\u00eda de Educaci\u00f3n de Veracruz (SEV), ya les logr\u00f3 restablecer el agua y la energ\u00eda el\u00e9ctrica.<\/p>\n\n\n\n<p>Las clases del CAM 12 contin\u00faan de lunes a viernes de 2 a 6 de la tarde; sin embargo, a\u00fan por contingencia, los grupos se van rotando, para que \u00fanicamente haya 5 alumnos por aula.<\/p>\n\n\n\n<p>&#8220;Tenemos autismo, intelectual, motriz y Asperger. Esos son los chicos que atendemos (\u2026) s\u00ed han estado viniendo, han estado integr\u00e1ndose m\u00e1s padres con la difusi\u00f3n que hemos tenido, estamos las puertas abiertas para atender a todos los chicos (\u2026) tenemos capacidad para atender hasta a 20 por grupo&#8221;, destac\u00f3.<\/p>\n","protected":false},"excerpt":{"rendered":"<p>Alejandro \u00c1vila Veracruz, Ver.- A pesar de que el Centro de Atenci\u00f3n M\u00faltiple (CAM) 12, qu\u00e9 se ubica en la colonia Astilleros del municipio de Veracruz, ha sido reparada por padres de familia, personal docente y apoyo de iniciativa privada, a\u00fan queda mucho por mejorar, pues el abandono por pandemia les afect\u00f3 en demas\u00eda. Marco [&hellip;]<\/p>\n","protected":false},"author":1,"featured_media":23963,"comment_status":"open","ping_status":"open","sticky":false,"template":"","format":"standard","meta":{"_jetpack_memberships_contains_paid_content":false,"footnotes":""},"categories":[2],"tags":[],"class_list":["post-23962","post","type-post","status-publish","format-standard","has-post-thumbnail","hentry","category-estado"],"jetpack_featured_media_url":"https:\/\/encuentroinformativo.com.mx\/wp-content\/uploads\/2022\/02\/114D9E44-7076-4B80-8C94-B30784913FAA.jpeg","jetpack_sharing_enabled":true,"jetpack_likes_enabled":true,"amp_enabled":true,"_links":{"self":[{"href":"https:\/\/encuentroinformativo.com.mx\/index.php?rest_route=\/wp\/v2\/posts\/23962","targetHints":{"allow":["GET"]}}],"collection":[{"href":"https:\/\/encuentroinformativo.com.mx\/index.php?rest_route=\/wp\/v2\/posts"}],"about":[{"href":"https:\/\/encuentroinformativo.com.mx\/index.php?rest_route=\/wp\/v2\/types\/post"}],"author":[{"embeddable":true,"href":"https:\/\/encuentroinformativo.com.mx\/index.php?rest_route=\/wp\/v2\/users\/1"}],"replies":[{"embeddable":true,"href":"https:\/\/encuentroinformativo.com.mx\/index.php?rest_route=%2Fwp%2Fv2%2Fcomments&post=23962"}],"version-history":[{"count":1,"href":"https:\/\/encuentroinformativo.com.mx\/index.php?rest_route=\/wp\/v2\/posts\/23962\/revisions"}],"predecessor-version":[{"id":23964,"href":"https:\/\/encuentroinformativo.com.mx\/index.php?rest_route=\/wp\/v2\/posts\/23962\/revisions\/23964"}],"wp:featuredmedia":[{"embeddable":true,"href":"https:\/\/encuentroinformativo.com.mx\/index.php?rest_route=\/wp\/v2\/media\/23963"}],"wp:attachment":[{"href":"https:\/\/encuentroinformativo.com.mx\/index.php?rest_route=%2Fwp%2Fv2%2Fmedia&parent=23962"}],"wp:term":[{"taxonomy":"category","embeddable":true,"href":"https:\/\/encuentroinformativo.com.mx\/index.php?rest_route=%2Fwp%2Fv2%2Fcategories&post=23962"},{"taxonomy":"post_tag","embeddable":true,"href":"https:\/\/encuentroinformativo.com.mx\/index.php?rest_route=%2Fwp%2Fv2%2Ftags&post=23962"}],"curies":[{"name":"wp","href":"https:\/\/api.w.org\/{rel}","templated":true}]}}