{"id":23965,"date":"2022-02-24T16:30:51","date_gmt":"2022-02-24T22:30:51","guid":{"rendered":"https:\/\/encuentroinformativo.com.mx\/?p=23965"},"modified":"2022-02-24T16:30:53","modified_gmt":"2022-02-24T22:30:53","slug":"se-registro-incendio-en-subestacion-de-cfe-minatitlan","status":"publish","type":"post","link":"https:\/\/encuentroinformativo.com.mx\/?p=23965","title":{"rendered":"Se registr\u00f3 incendio en subestaci\u00f3n de CFE Minatitl\u00e1n"},"content":{"rendered":"\n<p><strong>Juan Arcos <\/strong><\/p>\n\n\n\n<p>Xalapa, Ver.- Una explosi\u00f3n y un incendio se registraron en la Subestaci\u00f3n de la Comisi\u00f3n Federal de Electricidad (CFE), ubicada sobre la avenida Instituto Tecnol\u00f3gico, en el municipio de Minatitl\u00e1n, cuyas causas a\u00fan son desconocidas.<\/p>\n\n\n\n<p>La Secretar\u00eda de Protecci\u00f3n Civil (PC), a cargo de Guadalupe Osorno Maldonado, inform\u00f3 que tras estos hechos no hay reporte de personas lesionadas; solo da\u00f1os materiales.<\/p>\n\n\n\n<p>La dependencia estatal tambi\u00e9n indic\u00f3 que este problema no represent\u00f3 un riesgo para la poblaci\u00f3n y que las fuerzas de tarea efectuaron los operativos pertinentes.<\/p>\n\n\n\n<p>Las fuerzas de tarea descartaron reportes por personas lesionada, tras el siniestro que ocasion\u00f3 grandes columnas de fuego y humo.<\/p>\n\n\n\n<p>La Secretar\u00eda de Protecci\u00f3n Civil dio a conocer que el incendio fue controlado y que contin\u00faan las maniobras para su liquidaci\u00f3n.<\/p>\n\n\n\n<p>En el sitio se encuentran elementos de la Comisi\u00f3n Federal de Electricidad (CFE), PC estatal y municipal, Secretar\u00eda de Seguridad P\u00fablica (SSP) y bomberos.<\/p>\n","protected":false},"excerpt":{"rendered":"<p>Juan Arcos Xalapa, Ver.- Una explosi\u00f3n y un incendio se registraron en la Subestaci\u00f3n de la Comisi\u00f3n Federal de Electricidad (CFE), ubicada sobre la avenida Instituto Tecnol\u00f3gico, en el municipio de Minatitl\u00e1n, cuyas causas a\u00fan son desconocidas. La Secretar\u00eda de Protecci\u00f3n Civil (PC), a cargo de Guadalupe Osorno Maldonado, inform\u00f3 que tras estos hechos no [&hellip;]<\/p>\n","protected":false},"author":1,"featured_media":23966,"comment_status":"open","ping_status":"open","sticky":false,"template":"","format":"standard","meta":{"_jetpack_memberships_contains_paid_content":false,"footnotes":""},"categories":[2],"tags":[],"class_list":["post-23965","post","type-post","status-publish","format-standard","has-post-thumbnail","hentry","category-estado"],"jetpack_featured_media_url":"https:\/\/encuentroinformativo.com.mx\/wp-content\/uploads\/2022\/02\/4D1FD9F0-EDC5-4A51-AE4C-1942CDA23AB8.jpeg","jetpack_sharing_enabled":true,"jetpack_likes_enabled":true,"amp_enabled":true,"_links":{"self":[{"href":"https:\/\/encuentroinformativo.com.mx\/index.php?rest_route=\/wp\/v2\/posts\/23965","targetHints":{"allow":["GET"]}}],"collection":[{"href":"https:\/\/encuentroinformativo.com.mx\/index.php?rest_route=\/wp\/v2\/posts"}],"about":[{"href":"https:\/\/encuentroinformativo.com.mx\/index.php?rest_route=\/wp\/v2\/types\/post"}],"author":[{"embeddable":true,"href":"https:\/\/encuentroinformativo.com.mx\/index.php?rest_route=\/wp\/v2\/users\/1"}],"replies":[{"embeddable":true,"href":"https:\/\/encuentroinformativo.com.mx\/index.php?rest_route=%2Fwp%2Fv2%2Fcomments&post=23965"}],"version-history":[{"count":1,"href":"https:\/\/encuentroinformativo.com.mx\/index.php?rest_route=\/wp\/v2\/posts\/23965\/revisions"}],"predecessor-version":[{"id":23967,"href":"https:\/\/encuentroinformativo.com.mx\/index.php?rest_route=\/wp\/v2\/posts\/23965\/revisions\/23967"}],"wp:featuredmedia":[{"embeddable":true,"href":"https:\/\/encuentroinformativo.com.mx\/index.php?rest_route=\/wp\/v2\/media\/23966"}],"wp:attachment":[{"href":"https:\/\/encuentroinformativo.com.mx\/index.php?rest_route=%2Fwp%2Fv2%2Fmedia&parent=23965"}],"wp:term":[{"taxonomy":"category","embeddable":true,"href":"https:\/\/encuentroinformativo.com.mx\/index.php?rest_route=%2Fwp%2Fv2%2Fcategories&post=23965"},{"taxonomy":"post_tag","embeddable":true,"href":"https:\/\/encuentroinformativo.com.mx\/index.php?rest_route=%2Fwp%2Fv2%2Ftags&post=23965"}],"curies":[{"name":"wp","href":"https:\/\/api.w.org\/{rel}","templated":true}]}}