{"id":23968,"date":"2022-02-24T17:06:07","date_gmt":"2022-02-24T23:06:07","guid":{"rendered":"https:\/\/encuentroinformativo.com.mx\/?p=23968"},"modified":"2022-02-24T17:06:11","modified_gmt":"2022-02-24T23:06:11","slug":"ejidatarios-presentan-proyecto-para-ampliar-cementerio-en-el-castillo","status":"publish","type":"post","link":"https:\/\/encuentroinformativo.com.mx\/?p=23968","title":{"rendered":"Ejidatarios presentan proyecto para ampliar cementerio en El Castillo"},"content":{"rendered":"\n<p><strong>Dar\u00edo Pale<\/strong><\/p>\n\n\n\n<p>Xalapa, Ver.- Sara Cano Corros asesora del grupo pol\u00edtico la Laguna acompa\u00f1ada de Jos\u00e9 P\u00e9rez L\u00f3pez comisariado ejidal del ejido el Castillo dieron a conocer que ya cuentan con un proyecto para poner a disposici\u00f3n del ayuntamiento una hect\u00e1rea de terreno para ampliar el pante\u00f3n de El Castillo.<\/p>\n\n\n\n<p>En conferencia de prensa realizada en conocido caf\u00e9 del centro de Xalapa, se\u00f1al\u00f3 que est\u00e1n buscando un acercamiento con el presidente municipal, Ricardo Ahued Bardahuil para proponerle que se retome el proyecto de construcci\u00f3n de un Pante\u00f3n en la congregaci\u00f3n con una superficie de una hect\u00e1rea.<\/p>\n\n\n\n<p>Sara Cano quien es asesora del grupo <em>Laguna<\/em> que ha sido promotor de este tema desde hace varios a\u00f1os, explic\u00f3 que durante la administraci\u00f3n de Am\u00e9rico Z\u00fa\u00f1iga se avanz\u00f3 en la elaboraci\u00f3n de un proyecto e incluso se acord\u00f3 que se donar\u00eda un predio para su realizaci\u00f3n, sin embargo este no pudo llevarse a cabo.<\/p>\n\n\n\n<p>&#8220;La aportaci\u00f3n del ejido ser\u00eda la superficie, la funci\u00f3n del municipio ser\u00eda la ejecuci\u00f3n de la obra y del proyecto que ya se tiene bastante avanzado porque lo ven\u00edamos trabajando desde la administraci\u00f3n de Am\u00e9rico Z\u00fa\u00f1iga&#8221;, indic\u00f3.<\/p>\n\n\n\n<p>Dio a conocer que el proyecto contempla la construcci\u00f3n del pante\u00f3n en una superficie de alrededor de una hect\u00e1rea, sin embargo explic\u00f3 que una de las condiciones es que un \u00e1rea espec\u00edfica se mantenga para los ejidatarios y sus familias, lo cual corresponder\u00eda a un promedio de 60 lotes, donde colocar\u00edan alg\u00fan tipo de comercio.<\/p>\n\n\n\n<p>El se\u00f1or Jos\u00e9 P\u00e9rez coment\u00f3 que por hect\u00e1rea de terreno salen 60 lotes, de huso com\u00fan pero el ante on ser\u00eda para personas de la comunidad de El Castillo, adem\u00e1s de que contin\u00faan con el mantenimiento en la Laguna de El Castillo para fomentar el turismo y que se reactive la econom\u00eda de esa comunidad.<\/p>\n\n\n\n<p>Finalmente, agreg\u00f3 que es importante que se de luz verde al proyecto pues dijo que el cementerio actual ya se cuenta saturado.<\/p>\n\n\n\n<figure class=\"wp-block-image size-large\"><img loading=\"lazy\" decoding=\"async\" width=\"1024\" height=\"683\" src=\"https:\/\/encuentroinformativo.com.mx\/wp-content\/uploads\/2022\/02\/F039CFCC-C076-47B7-A9C7-E6FD7652EE7B-1024x683.jpeg\" alt=\"\" class=\"wp-image-23970\" srcset=\"https:\/\/encuentroinformativo.com.mx\/wp-content\/uploads\/2022\/02\/F039CFCC-C076-47B7-A9C7-E6FD7652EE7B-1024x683.jpeg 1024w, https:\/\/encuentroinformativo.com.mx\/wp-content\/uploads\/2022\/02\/F039CFCC-C076-47B7-A9C7-E6FD7652EE7B-300x200.jpeg 300w, https:\/\/encuentroinformativo.com.mx\/wp-content\/uploads\/2022\/02\/F039CFCC-C076-47B7-A9C7-E6FD7652EE7B-768x512.jpeg 768w, https:\/\/encuentroinformativo.com.mx\/wp-content\/uploads\/2022\/02\/F039CFCC-C076-47B7-A9C7-E6FD7652EE7B-1536x1024.jpeg 1536w, https:\/\/encuentroinformativo.com.mx\/wp-content\/uploads\/2022\/02\/F039CFCC-C076-47B7-A9C7-E6FD7652EE7B.jpeg 1600w\" sizes=\"auto, (max-width: 1024px) 100vw, 1024px\" \/><\/figure>\n","protected":false},"excerpt":{"rendered":"<p>Dar\u00edo Pale Xalapa, Ver.- Sara Cano Corros asesora del grupo pol\u00edtico la Laguna acompa\u00f1ada de Jos\u00e9 P\u00e9rez L\u00f3pez comisariado ejidal del ejido el Castillo dieron a conocer que ya cuentan con un proyecto para poner a disposici\u00f3n del ayuntamiento una hect\u00e1rea de terreno para ampliar el pante\u00f3n de El Castillo. En conferencia de prensa realizada [&hellip;]<\/p>\n","protected":false},"author":1,"featured_media":23969,"comment_status":"open","ping_status":"open","sticky":false,"template":"","format":"standard","meta":{"_jetpack_memberships_contains_paid_content":false,"footnotes":""},"categories":[8],"tags":[],"class_list":["post-23968","post","type-post","status-publish","format-standard","has-post-thumbnail","hentry","category-region"],"jetpack_featured_media_url":"https:\/\/encuentroinformativo.com.mx\/wp-content\/uploads\/2022\/02\/05DB5B83-20F1-4A82-B980-8C7594CD99FA.jpeg","jetpack_sharing_enabled":true,"jetpack_likes_enabled":true,"amp_enabled":true,"_links":{"self":[{"href":"https:\/\/encuentroinformativo.com.mx\/index.php?rest_route=\/wp\/v2\/posts\/23968","targetHints":{"allow":["GET"]}}],"collection":[{"href":"https:\/\/encuentroinformativo.com.mx\/index.php?rest_route=\/wp\/v2\/posts"}],"about":[{"href":"https:\/\/encuentroinformativo.com.mx\/index.php?rest_route=\/wp\/v2\/types\/post"}],"author":[{"embeddable":true,"href":"https:\/\/encuentroinformativo.com.mx\/index.php?rest_route=\/wp\/v2\/users\/1"}],"replies":[{"embeddable":true,"href":"https:\/\/encuentroinformativo.com.mx\/index.php?rest_route=%2Fwp%2Fv2%2Fcomments&post=23968"}],"version-history":[{"count":1,"href":"https:\/\/encuentroinformativo.com.mx\/index.php?rest_route=\/wp\/v2\/posts\/23968\/revisions"}],"predecessor-version":[{"id":23971,"href":"https:\/\/encuentroinformativo.com.mx\/index.php?rest_route=\/wp\/v2\/posts\/23968\/revisions\/23971"}],"wp:featuredmedia":[{"embeddable":true,"href":"https:\/\/encuentroinformativo.com.mx\/index.php?rest_route=\/wp\/v2\/media\/23969"}],"wp:attachment":[{"href":"https:\/\/encuentroinformativo.com.mx\/index.php?rest_route=%2Fwp%2Fv2%2Fmedia&parent=23968"}],"wp:term":[{"taxonomy":"category","embeddable":true,"href":"https:\/\/encuentroinformativo.com.mx\/index.php?rest_route=%2Fwp%2Fv2%2Fcategories&post=23968"},{"taxonomy":"post_tag","embeddable":true,"href":"https:\/\/encuentroinformativo.com.mx\/index.php?rest_route=%2Fwp%2Fv2%2Ftags&post=23968"}],"curies":[{"name":"wp","href":"https:\/\/api.w.org\/{rel}","templated":true}]}}