{"id":23972,"date":"2022-02-25T09:11:09","date_gmt":"2022-02-25T15:11:09","guid":{"rendered":"https:\/\/encuentroinformativo.com.mx\/?p=23972"},"modified":"2022-02-25T09:11:12","modified_gmt":"2022-02-25T15:11:12","slug":"a-lo-alvaradeno","status":"publish","type":"post","link":"https:\/\/encuentroinformativo.com.mx\/?p=23972","title":{"rendered":"A lo alvarade\u00f1o"},"content":{"rendered":"\n<p><strong>Los Pol\u00edticos<\/strong><\/p>\n\n\n\n<p><strong>Salvador Mu\u00f1oz<\/strong><\/p>\n\n\n\n<p>Alvarado goza fama de que su gente es malhablada\u2026 para muchos, cuando se escucha a alguien hablar con leperadas, hay una reacci\u00f3n de miedo, de rechazo, pero dicen que si en Alvarado se refieren a ti con alguna que otra majader\u00eda, es como una forma de cari\u00f1o y respeto por uno\u2026 por ejemplo, si dicen:<\/p>\n\n\n\n<p>\u201c\u00a1Kiubo t\u00fa, hijo de la chingada; qu\u00e9 madres est\u00e1s haciendo?\u201d, es como decir \u201c\u00a1Qu\u00e9 gusto verte! \u00bfQu\u00e9 te trae por ac\u00e1?\u201d o \u201c\u00bfD\u00f3nde putas madres andas, pendejo, que llevo un chingo sin saber de ti?\u201d que es una forma de decir \u201cEstaba preocupado por ti\u201d<\/p>\n\n\n\n<p>Y as\u00ed podr\u00edamos seguir dando ejemplos de lo que se dice es el lenguaje florido de un alvarade\u00f1o aunque el asunto que me lleva a hablar de este lugar, es precisamente la reacci\u00f3n de su gente con respecto a los se\u00f1alamientos que hizo Cuitl\u00e1huac Garc\u00eda en el caso del Tecnol\u00f3gico de este lugar. Por cierto, qu\u00e9 r\u00e1pido se le olvidaron a Cuic sus tiempos de manifestante y sobre todo, como maestro\u2026<\/p>\n\n\n\n<p>Para Cuitl\u00e1huac, la manifestaci\u00f3n de estudiantes del Tecnol\u00f3gico (como toda manifestaci\u00f3n en contra de su Gobierno o de la Cuatro T) tiene tintes pol\u00edticos, aunque \u00e9sta exhiba una realidad cruda en la vida del alumnado:<\/p>\n\n\n\n<p>P\u00e9rdida de certificaci\u00f3n de calidad, con la que la Instituci\u00f3n contaba\u2026<\/p>\n\n\n\n<p>Falta de equipamiento en proyectores, aire acondicionado, laboratorios, pr\u00e1cticas de campo, cable para los equipos de c\u00f3mputo, entre otros\u2026<\/p>\n\n\n\n<p>El Tecnol\u00f3gico no cuenta con servicio de Internet! por lo que uno se pregunta, sin ser alvarade\u00f1o: \u00bfC\u00f3mo hijos de la chingada van a trabajar los estudiantes sin esta herramienta b\u00e1sica de nuestra era?<\/p>\n\n\n\n<p>No hay protocolo sanitario\u2026 y tampoco servicio m\u00e9dico y por ende, sin medicamentos\u2026 tampoco cuentan con cafeter\u00eda\u2026<\/p>\n\n\n\n<p>Los caminos en torno al Tecnol\u00f3gico est\u00e1n en p\u00e9simas condiciones lo que se complica m\u00e1s, al salir de clases cerca de las nueve de la noche, bajo riesgo de que en el camino se encuentren con alima\u00f1as, sean de fauna o \u201cde las otras\u201d&#8230;<\/p>\n\n\n\n<p>El personal de confianza no tiene ni puta idea de los procesos administrativos pero s\u00ed saben tratar mal al estudiantado\u2026<\/p>\n\n\n\n<p>Ah pero eso s\u00ed, el director nunca se encuentra en el plantel para escuchar, atender estos problemas\u2026<\/p>\n\n\n\n<p>Por eso, el estudiantado del Tecnol\u00f3gico de Alvarado, amablemente invit\u00f3 a Cuitl\u00e1huac Garc\u00eda, a que acuda personalmente al plantel y vea la realidad que es ajena a las \u201cmara\u00f1as pol\u00edticas\u201d que se hace ante cada problema de la sociedad\u2026&nbsp;<\/p>\n\n\n\n<p>Mientras, el maestro Tom\u00e1s Hip\u00f3lito, quien fue metido por el mismo Cuitl\u00e1huac en sus mara\u00f1as pol\u00edticas, se dirigi\u00f3 de manera formal al gobernador, para dejar en claro que \u00e9l no tiene nada que ver con el movimiento estudiantil del Tecnol\u00f3gico, por eso le manifest\u00f3 su desacuerdo en que usaran su nombre con fines extra\u00f1os a los educativos. Le dej\u00f3 en claro, de manera precisa pero amable, que siendo candidato por Podemos por la alcald\u00eda, le echaron toda la caballada del Orfis y la Contralor\u00eda durante su paso por la direcci\u00f3n del Tecnol\u00f3gico y al final, sali\u00f3 limpio\u2026 s\u00ed, conoce a la alcaldesa Lizzette Alvarez \u00a1porque todos en Alvarado se conocen! \u00a1Nom\u00e1s por eso! Lo que s\u00ed le pide al Gobernador el maestro, es que atiendan a los estudiantes y que no se use su nombre, ahora s\u00ed, con fines aviesos para evadir el problema real que vive el Instituto y del que los alumnos han dado fe.<\/p>\n\n\n\n<p>Por su parte, la alcaldesa Lizzete Alvarez le deja en claro a Cuitl\u00e1huac, que est\u00e1 en la mejor disposici\u00f3n de colaborar con todos los sectores e instituciones que promuevan el crecimiento del municipio, pero eso s\u00ed, le precisa que ella no tiene que ver con el movimiento de los estudiantes\u2026 le reitera el respeto al Gobernador cosa que \u00e9ste no ha dado a la alcaldesa, quien al final, lo invita a visitar Alvarado y a trabajar coordinados\u2026<\/p>\n\n\n\n<p>Quiz\u00e1s uno de los errores m\u00e1s&nbsp; graves de Cuitl\u00e1huac es asumir ese papel de Fiscal, Juez y Verdugo y no el de Gobernador. Cuando se quite ese halo de superioridad moral con el que se viste, quiz\u00e1s pueda entender que los votos lo llevaron a un cargo, pero el estar en \u00e9l, es m\u00e1s f\u00e1cil que se convierta en peor persona que en ser mejor persona\u2026 el poder es cabr\u00f3n\u2026<\/p>\n\n\n\n<p>Ah, por cierto, dicen que los de Alvarado, cuando te hablan con groser\u00edas, es porque de cierto modo te quieren, como cuando dicen \u201c\u00a1Ven aqu\u00ed, hijo de la chingada!\u201d, es que realmente te quieren dar un abrazo y mostrar el afecto\u2026 pero cuando te hablan con respeto, no es por tu investidura, sino porque saben que eres un pendejo hijo de la chingada poco de fiar\u2026 \u00bfser\u00e1?<\/p>\n\n\n\n<p><a>smcainito@gmail.com<\/a><\/p>\n","protected":false},"excerpt":{"rendered":"<p>Los Pol\u00edticos Salvador Mu\u00f1oz Alvarado goza fama de que su gente es malhablada\u2026 para muchos, cuando se escucha a alguien hablar con leperadas, hay una reacci\u00f3n de miedo, de rechazo, pero dicen que si en Alvarado se refieren a ti con alguna que otra majader\u00eda, es como una forma de cari\u00f1o y respeto por uno\u2026 [&hellip;]<\/p>\n","protected":false},"author":1,"featured_media":387,"comment_status":"open","ping_status":"open","sticky":false,"template":"","format":"standard","meta":{"_jetpack_memberships_contains_paid_content":false,"footnotes":""},"categories":[11],"tags":[],"class_list":["post-23972","post","type-post","status-publish","format-standard","has-post-thumbnail","hentry","category-opinion"],"jetpack_featured_media_url":"https:\/\/encuentroinformativo.com.mx\/wp-content\/uploads\/2020\/03\/7CF8A22B-2764-47BE-8F7F-38FE9E5D6A2F.jpeg","jetpack_sharing_enabled":true,"jetpack_likes_enabled":true,"amp_enabled":true,"_links":{"self":[{"href":"https:\/\/encuentroinformativo.com.mx\/index.php?rest_route=\/wp\/v2\/posts\/23972","targetHints":{"allow":["GET"]}}],"collection":[{"href":"https:\/\/encuentroinformativo.com.mx\/index.php?rest_route=\/wp\/v2\/posts"}],"about":[{"href":"https:\/\/encuentroinformativo.com.mx\/index.php?rest_route=\/wp\/v2\/types\/post"}],"author":[{"embeddable":true,"href":"https:\/\/encuentroinformativo.com.mx\/index.php?rest_route=\/wp\/v2\/users\/1"}],"replies":[{"embeddable":true,"href":"https:\/\/encuentroinformativo.com.mx\/index.php?rest_route=%2Fwp%2Fv2%2Fcomments&post=23972"}],"version-history":[{"count":1,"href":"https:\/\/encuentroinformativo.com.mx\/index.php?rest_route=\/wp\/v2\/posts\/23972\/revisions"}],"predecessor-version":[{"id":23973,"href":"https:\/\/encuentroinformativo.com.mx\/index.php?rest_route=\/wp\/v2\/posts\/23972\/revisions\/23973"}],"wp:featuredmedia":[{"embeddable":true,"href":"https:\/\/encuentroinformativo.com.mx\/index.php?rest_route=\/wp\/v2\/media\/387"}],"wp:attachment":[{"href":"https:\/\/encuentroinformativo.com.mx\/index.php?rest_route=%2Fwp%2Fv2%2Fmedia&parent=23972"}],"wp:term":[{"taxonomy":"category","embeddable":true,"href":"https:\/\/encuentroinformativo.com.mx\/index.php?rest_route=%2Fwp%2Fv2%2Fcategories&post=23972"},{"taxonomy":"post_tag","embeddable":true,"href":"https:\/\/encuentroinformativo.com.mx\/index.php?rest_route=%2Fwp%2Fv2%2Ftags&post=23972"}],"curies":[{"name":"wp","href":"https:\/\/api.w.org\/{rel}","templated":true}]}}