{"id":23982,"date":"2022-02-25T11:37:08","date_gmt":"2022-02-25T17:37:08","guid":{"rendered":"https:\/\/encuentroinformativo.com.mx\/?p=23982"},"modified":"2022-02-25T11:37:11","modified_gmt":"2022-02-25T17:37:11","slug":"amlo-y-sus-distractores","status":"publish","type":"post","link":"https:\/\/encuentroinformativo.com.mx\/?p=23982","title":{"rendered":"AMLO y sus distractores"},"content":{"rendered":"\n<p><strong>O P I N I \u00d3N<\/strong><\/p>\n\n\n\n<p><strong>Mario Javier S\u00e1nchez de la Torre<\/strong><\/p>\n\n\n\n<p>En medio de una situaci\u00f3n internacional tan delicada como es la que se vive en el continente europeo por la invasi\u00f3n de Rusia a Ucrania, Andr\u00e9s Manuel L\u00f3pez Obrador (AMLO), contin\u00faa practicando su politiquer\u00eda, nuevamente a nivel internacional.<\/p>\n\n\n\n<p>Hace unos d\u00edas trat\u00f3 de usar como distractor del espinoso asunto de la famosa \u201cCasa Gris\u201d de Houston, Texas, que habit\u00f3 su primog\u00e9nito y su esposa, la aberrante diplom\u00e1ticamente hablando situaci\u00f3n de hacer una \u201cpausa\u201d entre las relaciones de M\u00e9xico, con Espa\u00f1a. Acci\u00f3n que por donde se analice le sali\u00f3 como dice el dicho: \u201cel tiro por la culata\u201d.<\/p>\n\n\n\n<p>Por lo que el penoso tema familiar, continu\u00f3 estando no solamente en las primeras planas de los peri\u00f3dicos nacionales, sino tambi\u00e9n siendo la principal noticia comentada en noticiarios de radio, televisi\u00f3n y paginas virtuales de internet, as\u00ed como en las principales redes sociales y tambi\u00e9n en pl\u00e1ticas de caf\u00e9s y todo tipo de reuniones de mexicanos pensantes. Pues en lugar de aclarar la irregular situaci\u00f3n de la ocupaci\u00f3n de esa mansi\u00f3n, con cada intento que ha hecho al respecto las cosas empeoran.<\/p>\n\n\n\n<p>Por lo que, a partir de la presente semana, seguramente con la intenci\u00f3n de quitar de la atenci\u00f3n de los mexicanos la forma tan humilde como vive su hijo Jos\u00e9 Ram\u00f3n L\u00f3pez Beltr\u00e1n, en Houston, Texas, y que ya le desdibujo la parte medular de su desprestigiado discurso, de vivir con austeridad republicana, ahora se le hizo f\u00e1cil iniciar pleito con el secretario de Estado de los Estados Unidos de Norteam\u00e9rica (EUA), Antony Blinken, con la intenci\u00f3n de que este distractor le funcione. Posiblemente pensando que, por el tema de la guerra entre Ucrania y Rusia, no le iban a responder. Pero le fall\u00f3.<\/p>\n\n\n\n<p>El pasado martes Antony Blinken tuite\u00f3: \u201cel elevado n\u00famero de periodistas asesinados en M\u00e9xico este a\u00f1o y las continuas amenazas a las que se enfrentan son preocupantes. Me uno a quienes piden una mayor responsabilidad y protecci\u00f3n para los periodistas mexicanos. M\u00ed coraz\u00f3n esta con los seres queridos de aquellos que dieron su vida por la verdad\u201d.<\/p>\n\n\n\n<p>A lo que AMLO respondi\u00f3, que el Secretario de Estado del vecino pa\u00eds del norte estaba mal informado. Que se informe y que no act\u00fae de manera injerencista porque M\u00e9xico no es colonia de Estados Unidos, adem\u00e1s que sus comentarios no son ciertos sobre la situaci\u00f3n de los periodistas en M\u00e9xico.<\/p>\n\n\n\n<p>La respuesta de la Casa Blanca a trav\u00e9s de su vocera, Jen Psaki fue contundente: \u201cHemos visto, en los hechos, las amenazas que enfrenta el periodismo en M\u00e9xico y esa es la preocupaci\u00f3n que expres\u00f3 el Secretario de Estado, Antony Blinken, en nombre de Estados Unidos, sobre esos abusos. Creo habl\u00f3 con base en los hechos sobre el terreno\u201d.<\/p>\n\n\n\n<p>Despu\u00e9s de esta respuesta llena de verdad, hay que esperar ahora que dice AMLO. S\u00ed contin\u00faa tratando de justificar la conducta injustificable de su hijo y solo empeora as\u00ed las cosas o acepta la corrupci\u00f3n que se est\u00e1 dando en su c\u00edrculo familiar y act\u00faa como lo prometi\u00f3 en campa\u00f1a, que no habr\u00eda perd\u00f3n para nadie, habr\u00e1 que ver. Usted qu\u00e9 OPINA, estimado lector.<\/p>\n\n\n\n<p>Hasta el lunes.<\/p>\n","protected":false},"excerpt":{"rendered":"<p>O P I N I \u00d3N Mario Javier S\u00e1nchez de la Torre En medio de una situaci\u00f3n internacional tan delicada como es la que se vive en el continente europeo por la invasi\u00f3n de Rusia a Ucrania, Andr\u00e9s Manuel L\u00f3pez Obrador (AMLO), contin\u00faa practicando su politiquer\u00eda, nuevamente a nivel internacional. Hace unos d\u00edas trat\u00f3 de [&hellip;]<\/p>\n","protected":false},"author":1,"featured_media":387,"comment_status":"open","ping_status":"open","sticky":false,"template":"","format":"standard","meta":{"_jetpack_memberships_contains_paid_content":false,"footnotes":""},"categories":[11],"tags":[],"class_list":["post-23982","post","type-post","status-publish","format-standard","has-post-thumbnail","hentry","category-opinion"],"jetpack_featured_media_url":"https:\/\/encuentroinformativo.com.mx\/wp-content\/uploads\/2020\/03\/7CF8A22B-2764-47BE-8F7F-38FE9E5D6A2F.jpeg","jetpack_sharing_enabled":true,"jetpack_likes_enabled":true,"amp_enabled":true,"_links":{"self":[{"href":"https:\/\/encuentroinformativo.com.mx\/index.php?rest_route=\/wp\/v2\/posts\/23982","targetHints":{"allow":["GET"]}}],"collection":[{"href":"https:\/\/encuentroinformativo.com.mx\/index.php?rest_route=\/wp\/v2\/posts"}],"about":[{"href":"https:\/\/encuentroinformativo.com.mx\/index.php?rest_route=\/wp\/v2\/types\/post"}],"author":[{"embeddable":true,"href":"https:\/\/encuentroinformativo.com.mx\/index.php?rest_route=\/wp\/v2\/users\/1"}],"replies":[{"embeddable":true,"href":"https:\/\/encuentroinformativo.com.mx\/index.php?rest_route=%2Fwp%2Fv2%2Fcomments&post=23982"}],"version-history":[{"count":1,"href":"https:\/\/encuentroinformativo.com.mx\/index.php?rest_route=\/wp\/v2\/posts\/23982\/revisions"}],"predecessor-version":[{"id":23983,"href":"https:\/\/encuentroinformativo.com.mx\/index.php?rest_route=\/wp\/v2\/posts\/23982\/revisions\/23983"}],"wp:featuredmedia":[{"embeddable":true,"href":"https:\/\/encuentroinformativo.com.mx\/index.php?rest_route=\/wp\/v2\/media\/387"}],"wp:attachment":[{"href":"https:\/\/encuentroinformativo.com.mx\/index.php?rest_route=%2Fwp%2Fv2%2Fmedia&parent=23982"}],"wp:term":[{"taxonomy":"category","embeddable":true,"href":"https:\/\/encuentroinformativo.com.mx\/index.php?rest_route=%2Fwp%2Fv2%2Fcategories&post=23982"},{"taxonomy":"post_tag","embeddable":true,"href":"https:\/\/encuentroinformativo.com.mx\/index.php?rest_route=%2Fwp%2Fv2%2Ftags&post=23982"}],"curies":[{"name":"wp","href":"https:\/\/api.w.org\/{rel}","templated":true}]}}