{"id":23984,"date":"2022-02-25T12:44:28","date_gmt":"2022-02-25T18:44:28","guid":{"rendered":"https:\/\/encuentroinformativo.com.mx\/?p=23984"},"modified":"2022-02-25T12:44:32","modified_gmt":"2022-02-25T18:44:32","slug":"danzantes-de-tempoal-buscan-reconocimiento-de-la-unesco","status":"publish","type":"post","link":"https:\/\/encuentroinformativo.com.mx\/?p=23984","title":{"rendered":"Danzantes de Tempoal buscan reconocimiento de la UNESCO"},"content":{"rendered":"\n<p><strong>Juan Arcos<\/strong> <\/p>\n\n\n\n<p>Xalapa, Ver.- Artesanos y pobladores del municipio de Tempoal, al norte de Veracruz, buscan que el ceremonial \u201cDanza de Los Viejos\u201d en la Huasteca sea declarado como Patrimonio Inmaterial de la Humanidad por la Organizaci\u00f3n de las Naciones Unidas para la Educaci\u00f3n, la Ciencia y la Cultura (Unesco).<\/p>\n\n\n\n<p>En conferencia de prensa, realizada en esta ciudad de Xalapa, dieron a conocer que durante ocho a\u00f1os se ha presentado la solicitud formal para tal cometido, misma que se inici\u00f3 en 2013 en el Congreso de la Uni\u00f3n para garantizar los derechos de su fiesta patronal.<\/p>\n\n\n\n<p>De acuerdo con Carlos Portilla Reyes, presidente del Comit\u00e9 de Comparsas en Tempoal, posteriormente se solicit\u00f3 una convenci\u00f3n internacional para la salvaguarda del patrimonio cultural inmaterial.<\/p>\n\n\n\n<p>\u201cComo M\u00e9xico, en 2013, no ten\u00eda una ley que nos garantizara esos derechos, recurrimos a una instancia internacional. Fue aprobada en la c\u00e1mara de diputados federales la atenci\u00f3n que nosotros requerimos y se exhort\u00f3 a los tres niveles de gobierno para que garantizaran la participaci\u00f3n activa de la comunidad en todo lo que ten\u00eda que ver, lo que no se hab\u00eda cumplido en ese 2013\u201d, record\u00f3.<\/p>\n\n\n\n<p>Dos a\u00f1os despu\u00e9s se conform\u00f3 una comisi\u00f3n para la salvaguarda del patrimonio cultural, que est\u00e1 integrada legalmente por autoridades federales, estatales y municipales.<\/p>\n\n\n\n<p>\u201cLa parte importante es que la UNESCO siempre pide la participaci\u00f3n activa, es una convenci\u00f3n que en su art\u00edculo 11 y 12 donde dice que cualquier expresi\u00f3n debe ser publicada y garantizada la participaci\u00f3n activa de los ciudadanos\u201d.<\/p>\n\n\n\n<p>Se estima que en Tempoal participan entre ocho y 11 mil danzantes durante las fiestas patronales, previo a los festejos de D\u00eda Muertos y Todos Santos.<\/p>\n\n\n\n<p>Portilla Reyes record\u00f3 que en dicho municipio las actividades culturales y art\u00edsticas se realizan durante una semana, donde no solo se venera a los muertos con altares, sino tambi\u00e9n, con una danza ancestral.<\/p>\n\n\n\n<p>La comisi\u00f3n para la salvaguarda del patrimonio cultural ha sesionado tres veces, pero el nombramiento fue rechazo por incumplir con algunas caracter\u00edsticas; sin embargo, en este momento, ya han sido atendidas.<\/p>\n\n\n\n<p>\u201cEn aquel entonces la m\u00fasica fue un problema que se ten\u00eda, ahora podemos decir que tenemos egresados de una escuela de m\u00fasica municipal, m\u00e1s de 200 alumnos, algunos ya han viajado al extranjero a exponer nuestra m\u00fasica\u201d, detall\u00f3.<\/p>\n\n\n\n<p>Adem\u00e1s, se calcula que en Tempoal han sido fabricadas entre 20 y 30 mil m\u00e1scaras de madera por los artesanos de dicho lugar.<br>La Unesco pide a los pobladores de Tempoal que el caso est\u00e9 en el inventario nacional del patrimonio cultural, situaci\u00f3n que se logr\u00f3 despu\u00e9s de cuatro a\u00f1os de gestiones ante el gobierno federal.<\/p>\n\n\n\n<p>Este viernes se realizar\u00eda la entrega oficial del expediente para que llegue a m\u00e1s tardar el 30 de marzo a Par\u00eds, donde la Unesco analizar\u00e1 los temas pendientes.<\/p>\n\n\n\n<p>Se espera que la Unesco emita una respuesta favorable a m\u00e1s tardar en los meses de noviembre y diciembre de este a\u00f1o.\u00a0<br><\/p>\n\n\n\n<figure class=\"wp-block-image size-large\"><img loading=\"lazy\" decoding=\"async\" width=\"1024\" height=\"683\" src=\"https:\/\/encuentroinformativo.com.mx\/wp-content\/uploads\/2022\/02\/67657E6B-4D7C-4321-8F05-32B97289983F-1024x683.jpeg\" alt=\"\" class=\"wp-image-23986\" srcset=\"https:\/\/encuentroinformativo.com.mx\/wp-content\/uploads\/2022\/02\/67657E6B-4D7C-4321-8F05-32B97289983F-1024x683.jpeg 1024w, https:\/\/encuentroinformativo.com.mx\/wp-content\/uploads\/2022\/02\/67657E6B-4D7C-4321-8F05-32B97289983F-300x200.jpeg 300w, https:\/\/encuentroinformativo.com.mx\/wp-content\/uploads\/2022\/02\/67657E6B-4D7C-4321-8F05-32B97289983F-768x512.jpeg 768w, https:\/\/encuentroinformativo.com.mx\/wp-content\/uploads\/2022\/02\/67657E6B-4D7C-4321-8F05-32B97289983F-1536x1024.jpeg 1536w, https:\/\/encuentroinformativo.com.mx\/wp-content\/uploads\/2022\/02\/67657E6B-4D7C-4321-8F05-32B97289983F.jpeg 1600w\" sizes=\"auto, (max-width: 1024px) 100vw, 1024px\" \/><\/figure>\n","protected":false},"excerpt":{"rendered":"<p>Juan Arcos Xalapa, Ver.- Artesanos y pobladores del municipio de Tempoal, al norte de Veracruz, buscan que el ceremonial \u201cDanza de Los Viejos\u201d en la Huasteca sea declarado como Patrimonio Inmaterial de la Humanidad por la Organizaci\u00f3n de las Naciones Unidas para la Educaci\u00f3n, la Ciencia y la Cultura (Unesco). En conferencia de prensa, realizada [&hellip;]<\/p>\n","protected":false},"author":1,"featured_media":23985,"comment_status":"open","ping_status":"open","sticky":false,"template":"","format":"standard","meta":{"_jetpack_memberships_contains_paid_content":false,"footnotes":""},"categories":[2],"tags":[],"class_list":["post-23984","post","type-post","status-publish","format-standard","has-post-thumbnail","hentry","category-estado"],"jetpack_featured_media_url":"https:\/\/encuentroinformativo.com.mx\/wp-content\/uploads\/2022\/02\/E8F7B860-D9B5-4858-92E4-1B26A779440E.jpeg","jetpack_sharing_enabled":true,"jetpack_likes_enabled":true,"amp_enabled":true,"_links":{"self":[{"href":"https:\/\/encuentroinformativo.com.mx\/index.php?rest_route=\/wp\/v2\/posts\/23984","targetHints":{"allow":["GET"]}}],"collection":[{"href":"https:\/\/encuentroinformativo.com.mx\/index.php?rest_route=\/wp\/v2\/posts"}],"about":[{"href":"https:\/\/encuentroinformativo.com.mx\/index.php?rest_route=\/wp\/v2\/types\/post"}],"author":[{"embeddable":true,"href":"https:\/\/encuentroinformativo.com.mx\/index.php?rest_route=\/wp\/v2\/users\/1"}],"replies":[{"embeddable":true,"href":"https:\/\/encuentroinformativo.com.mx\/index.php?rest_route=%2Fwp%2Fv2%2Fcomments&post=23984"}],"version-history":[{"count":1,"href":"https:\/\/encuentroinformativo.com.mx\/index.php?rest_route=\/wp\/v2\/posts\/23984\/revisions"}],"predecessor-version":[{"id":23987,"href":"https:\/\/encuentroinformativo.com.mx\/index.php?rest_route=\/wp\/v2\/posts\/23984\/revisions\/23987"}],"wp:featuredmedia":[{"embeddable":true,"href":"https:\/\/encuentroinformativo.com.mx\/index.php?rest_route=\/wp\/v2\/media\/23985"}],"wp:attachment":[{"href":"https:\/\/encuentroinformativo.com.mx\/index.php?rest_route=%2Fwp%2Fv2%2Fmedia&parent=23984"}],"wp:term":[{"taxonomy":"category","embeddable":true,"href":"https:\/\/encuentroinformativo.com.mx\/index.php?rest_route=%2Fwp%2Fv2%2Fcategories&post=23984"},{"taxonomy":"post_tag","embeddable":true,"href":"https:\/\/encuentroinformativo.com.mx\/index.php?rest_route=%2Fwp%2Fv2%2Ftags&post=23984"}],"curies":[{"name":"wp","href":"https:\/\/api.w.org\/{rel}","templated":true}]}}