{"id":23993,"date":"2022-02-25T14:10:56","date_gmt":"2022-02-25T20:10:56","guid":{"rendered":"https:\/\/encuentroinformativo.com.mx\/?p=23993"},"modified":"2022-02-25T16:33:13","modified_gmt":"2022-02-25T22:33:13","slug":"rechaza-gobierno-de-veracruz-recomendacion-de-cndh","status":"publish","type":"post","link":"https:\/\/encuentroinformativo.com.mx\/?p=23993","title":{"rendered":"Rechaza Gobierno de Veracruz recomendaci\u00f3n de CNDH"},"content":{"rendered":"\n<p><strong>Dar\u00edo Pale <\/strong><\/p>\n\n\n\n<p>Xalapa, Ver.- La recomendaci\u00f3n de la Comisi\u00f3n Nacional de Derechos Humanos (CNDH), por el caso de July &#8220;N&#8221; acusada de ser part\u00edcipe en el asesinado de la rectora de la universidad Valladolid y que presuntamente fue torturada el gobernador Cuitl\u00e1huac Garc\u00eda Jim\u00e9nez inform\u00f3 que van a rechazar la recomendaci\u00f3n, ya que no est\u00e1n de acuerdo con las observaciones que les hicieron.<\/p>\n\n\n\n<p>En conferencia de prensa en Palacio de Gobierno, dio a conocer que al vencerse los t\u00e9rminos, de dicha recomendaci\u00f3n la Fiscal\u00eda General del Estado ya inici\u00f3 con las investigaciones al interior del penal de Pacho Viejo, por lo que, no teme que sea llamado por un juez para poder rendir un informe sobre el caso.<\/p>\n\n\n\n<p>&#8220;Sin embargo, s\u00ed vamos a actuar, no bajo la recomendaci\u00f3n sino porque ya lo he instruido desde antes, cuando exista una sospecha de violaci\u00f3n a derechos humanos, que act\u00fae la instancia interna correspondiente&#8221;, se\u00f1al\u00f3.<\/p>\n\n\n\n<p>Dio a conocer que se debe actuar en cuanto exista alguna sospecha de violaciones a derechos humanos, no necesariamente por recomendaci\u00f3n, &#8220;es ya una indicaci\u00f3n de mi gobierno a todas las dependencias de que estemos atentos cuando exista alg\u00fan se\u00f1alamiento&#8221;.<\/p>\n\n\n\n<p>\u201cCon base en eso vamos a actuar, es decir, nosotros vamos a actuar la determinaci\u00f3n, aunque a esta recomendaci\u00f3n la rechacemos por las cuestiones ya finas de la argumentaci\u00f3n que se hace&#8221;, coment\u00f3.<\/p>\n\n\n\n<p>Garc\u00eda Jim\u00e9nez, insisti\u00f3 en que el gobierno del estado no ha protegido a nadie, por lo que se hace todo para que se trabaje en completa transparencia, siempre respetando los derechos humanos.<\/p>\n\n\n\n<p>\u201cVamos a actuar no bajo la recomendaci\u00f3n, si no porque cuando exista una sospecha de violaci\u00f3n de derechos humanos que se act\u00fae, que se indague y as\u00ed se har\u00e1, no nos vamos a quedar con los brazos cruzados aqu\u00ed, aqu\u00ed no hay impunidad y no solapamos a nadie, debe de ser un ejercicio de la pol\u00edtica de los derechos humanos&#8221;, insisti\u00f3.<\/p>\n\n\n\n<p>Record\u00f3 que se public\u00f3 un manifiesto de rectoras del pa\u00eds para que se hiciera justicia y su atenci\u00f3n a esa circunstancia del homicidio, adem\u00e1s de que era mujer y rectora, que se resolviera, que no se dejara en la impunidad.<\/p>\n\n\n\n<p>El Ejecutivo dej\u00f3 en claro que rechaza la recomendaci\u00f3n de la Comisi\u00f3n, lo que se hizo fue indagar por parte de la Fiscal\u00eda General del Estado.<\/p>\n\n\n\n<p>&#8220;Con base en las evidencias t\u00e9cnicas del proceso, eso tambi\u00e9n es muy importante. Pongamos este caso aparte y hablemos de la generalidad, alguien que es se\u00f1alado como presunto delincuente se va a defender obviamente y tiene derecho a la defensa y tiene&#8230; Pero eso no quiere decir que ni sea culpable ni que no lo sea&#8221;, expuso.<\/p>\n\n\n\n<p>El Ejecutivo abund\u00f3 que el Poder Judicial tendr\u00e1 que hacer justicia mientras que la Fiscal\u00eda, procurar justicia.<\/p>\n\n\n\n<p>Indic\u00f3 que pensaron que lo mejor es que se siga el proceso y si hubiese alguna cuesti\u00f3n en el proceso penal que judicialmente se determine.<\/p>\n\n\n\n<p>Pidi\u00f3 al Poder Judicial que el proceso penal sea muy apagado a Derecho, que se estudie el caso y la Fiscal\u00eda indague la denuncia por tortura y que sea por la v\u00eda judicial como se determine.<\/p>\n\n\n\n<p>Garc\u00eda Jim\u00e9nez dijo que la Fiscal\u00eda investig\u00f3 la acusaci\u00f3n de violaci\u00f3n y tortura sexual y asegur\u00f3 que no se va a solapar a nadie.<\/p>\n\n\n\n<p>&#8220;El hecho fue investigado porque no se va a solapar a nadie y si hay que ir m\u00e1s fino, ya existe la instrucci\u00f3n para que tambi\u00e9n se indague m\u00e1s, qu\u00e9 funcionario pudo haber realizado mal las cosas, adelante. No nos cruzamos de brazos, no es un rechazo (a la recomendaci\u00f3n) para cruzarnos de brazos&#8221;, asegur\u00f3.<\/p>\n\n\n\n<p>Insisti\u00f3 en que aunque rechazaron la recomendaci\u00f3n, se investig\u00f3 qu\u00e9 fue lo que sucedi\u00f3 y lo primero que observaron es si se investig\u00f3 por parte de Asuntos Internos, pero tambi\u00e9n se iniciaron las periciales correspondientes, por lo que toca a un juez decidir sobre esta denuncia.<\/p>\n\n\n\n<p>Finalmente el Gobernador dijo que no tiene ning\u00fan problema en acudir ante el Senado de la Rep\u00fablica por no aceptar la recomendaci\u00f3n, pero pidi\u00f3 que se hagan las cosas bien, no que se creen comisiones &#8220;patito&#8221;.<\/p>\n","protected":false},"excerpt":{"rendered":"<p>Dar\u00edo Pale Xalapa, Ver.- La recomendaci\u00f3n de la Comisi\u00f3n Nacional de Derechos Humanos (CNDH), por el caso de July &#8220;N&#8221; acusada de ser part\u00edcipe en el asesinado de la rectora de la universidad Valladolid y que presuntamente fue torturada el gobernador Cuitl\u00e1huac Garc\u00eda Jim\u00e9nez inform\u00f3 que van a rechazar la recomendaci\u00f3n, ya que no est\u00e1n [&hellip;]<\/p>\n","protected":false},"author":1,"featured_media":23994,"comment_status":"open","ping_status":"open","sticky":false,"template":"","format":"standard","meta":{"_jetpack_memberships_contains_paid_content":false,"footnotes":""},"categories":[2],"tags":[],"class_list":["post-23993","post","type-post","status-publish","format-standard","has-post-thumbnail","hentry","category-estado"],"jetpack_featured_media_url":"https:\/\/encuentroinformativo.com.mx\/wp-content\/uploads\/2022\/02\/96759AE2-7FD3-469D-BCFB-88B395FB76FE.jpeg","jetpack_sharing_enabled":true,"jetpack_likes_enabled":true,"amp_enabled":true,"_links":{"self":[{"href":"https:\/\/encuentroinformativo.com.mx\/index.php?rest_route=\/wp\/v2\/posts\/23993","targetHints":{"allow":["GET"]}}],"collection":[{"href":"https:\/\/encuentroinformativo.com.mx\/index.php?rest_route=\/wp\/v2\/posts"}],"about":[{"href":"https:\/\/encuentroinformativo.com.mx\/index.php?rest_route=\/wp\/v2\/types\/post"}],"author":[{"embeddable":true,"href":"https:\/\/encuentroinformativo.com.mx\/index.php?rest_route=\/wp\/v2\/users\/1"}],"replies":[{"embeddable":true,"href":"https:\/\/encuentroinformativo.com.mx\/index.php?rest_route=%2Fwp%2Fv2%2Fcomments&post=23993"}],"version-history":[{"count":2,"href":"https:\/\/encuentroinformativo.com.mx\/index.php?rest_route=\/wp\/v2\/posts\/23993\/revisions"}],"predecessor-version":[{"id":24006,"href":"https:\/\/encuentroinformativo.com.mx\/index.php?rest_route=\/wp\/v2\/posts\/23993\/revisions\/24006"}],"wp:featuredmedia":[{"embeddable":true,"href":"https:\/\/encuentroinformativo.com.mx\/index.php?rest_route=\/wp\/v2\/media\/23994"}],"wp:attachment":[{"href":"https:\/\/encuentroinformativo.com.mx\/index.php?rest_route=%2Fwp%2Fv2%2Fmedia&parent=23993"}],"wp:term":[{"taxonomy":"category","embeddable":true,"href":"https:\/\/encuentroinformativo.com.mx\/index.php?rest_route=%2Fwp%2Fv2%2Fcategories&post=23993"},{"taxonomy":"post_tag","embeddable":true,"href":"https:\/\/encuentroinformativo.com.mx\/index.php?rest_route=%2Fwp%2Fv2%2Ftags&post=23993"}],"curies":[{"name":"wp","href":"https:\/\/api.w.org\/{rel}","templated":true}]}}