{"id":24010,"date":"2022-02-25T19:53:33","date_gmt":"2022-02-26T01:53:33","guid":{"rendered":"https:\/\/encuentroinformativo.com.mx\/?p=24010"},"modified":"2022-02-25T19:53:36","modified_gmt":"2022-02-26T01:53:36","slug":"propone-diputado-reformar-el-articulo-331-del-codigo-penal-del-estado","status":"publish","type":"post","link":"https:\/\/encuentroinformativo.com.mx\/?p=24010","title":{"rendered":"Propone Diputado reformar el art\u00edculo 331 del C\u00f3digo Penal del estado"},"content":{"rendered":"\n<p><strong>*Presenta Luis Antonio Luna Rosales una iniciativa que prev\u00e9 que la violencia con la que se cometa la conducta punible sea de naturaleza f\u00edsica.<\/strong><\/p>\n\n\n\n<p>Xalapa, Ver.- La Diputaci\u00f3n Permanente de la LXVI Legislatura turn\u00f3 a la Comisi\u00f3n Permanente de Justicia y Puntos Constitucionales la iniciativa de decreto que reforma la fracci\u00f3n II y deroga la fracci\u00f3n IV, ambas del art\u00edculo 331 del C\u00f3digo Penal para el Estado de Veracruz de Ignacio de la Llave, propuesta por el diputado Luis Antonio Luna Rosales.<\/p>\n\n\n\n<p>La iniciativa, puesta a consideraci\u00f3n durante la Tercera Sesi\u00f3n Ordinaria del Primer Receso, propone conservar el tipo penal de ultrajes a la autoridad, previsto en dicho C\u00f3digo, a fin de otorgar herramientas a los servidores p\u00fablicos que, en el \u00e1mbito de su competencia, auxilian en el alcance de un verdadero orden p\u00fablico, sin que ello implique que los particulares se encuentren impedidos de expresar sus inconformidades respecto de su actuaci\u00f3n.<\/p>\n\n\n\n<p>El documento refiere que es importante reglar las formas mediante las cuales las personas pueden interactuar con las autoridades, cuando \u00e9stas ejercen sus funciones respecto de aqu\u00e9llas, dado que para garantizar un verdadero orden p\u00fablico es necesario que las personas otorguen respeto a las autoridades, puesto que la capacidad que tiene la autoridad para aplicar la ley mediante sus servidores p\u00fablicos y el correcto desarrollo de sus atribuciones se traducen en una garant\u00eda para los ciudadanos, a efecto de que existan condiciones m\u00ednimas que permitan el pleno ejercicio de sus derechos.<\/p>\n\n\n\n<p>Se estima que la base del tipo debe conservarse al ser plenamente constitucional, en tanto que los elementos que lo conforman describen de forma adecuada el hecho que se considera como delito, sin soslayar el principio de legalidad, pues aun cuando sus verbos rectores \u201camenazar\u201d y \u201cagredir\u201d pueden tener connotaciones tanto f\u00edsicas como verbales, no debe considerarse como una restricci\u00f3n a los derechos humanos de los gobernados, verbigracia, el derecho humano a la libertad de expresi\u00f3n, pues en torno a tal derecho fundamental existen limitaciones impuestas por la propia Constituci\u00f3n Pol\u00edtica de los Estados Unidos Mexicanos.<\/p>\n\n\n\n<p>Mismas que al servir como par\u00e1metro de actuaci\u00f3n para los servidores p\u00fablicos en general, otorgan seguridad a los ciudadanos de que sus manifestaciones no ser\u00e1n interpretadas en menoscabo de su persona, siempre que se encuentren dentro de lo protegido por tal derecho, precisa.<\/p>\n\n\n\n<p>Con la presente iniciativa se plantea espec\u00edficamente reformar la fracci\u00f3n II del art\u00edculo 331, a efecto de incorporar que la violencia con la que se cometa la conducta punible sea de naturaleza f\u00edsica y, por otra parte, se plantea derogar la fracci\u00f3n IV de ese mismo art\u00edculo, al ser contraria al principio de taxatividad, que reconocen los art\u00edculos 9 de la Convenci\u00f3n Americana sobre Derechos Humanos y 14 de la Constituci\u00f3n Pol\u00edtica de los Estados Unidos Mexicanos.<\/p>\n","protected":false},"excerpt":{"rendered":"<p>*Presenta Luis Antonio Luna Rosales una iniciativa que prev\u00e9 que la violencia con la que se cometa la conducta punible sea de naturaleza f\u00edsica. Xalapa, Ver.- La Diputaci\u00f3n Permanente de la LXVI Legislatura turn\u00f3 a la Comisi\u00f3n Permanente de Justicia y Puntos Constitucionales la iniciativa de decreto que reforma la fracci\u00f3n II y deroga la [&hellip;]<\/p>\n","protected":false},"author":1,"featured_media":24011,"comment_status":"open","ping_status":"open","sticky":false,"template":"","format":"standard","meta":{"_jetpack_memberships_contains_paid_content":false,"footnotes":""},"categories":[2],"tags":[],"class_list":["post-24010","post","type-post","status-publish","format-standard","has-post-thumbnail","hentry","category-estado"],"jetpack_featured_media_url":"https:\/\/encuentroinformativo.com.mx\/wp-content\/uploads\/2022\/02\/596D2363-7892-4924-B8E0-2DB4D8EF8F2E.jpeg","jetpack_sharing_enabled":true,"jetpack_likes_enabled":true,"amp_enabled":true,"_links":{"self":[{"href":"https:\/\/encuentroinformativo.com.mx\/index.php?rest_route=\/wp\/v2\/posts\/24010","targetHints":{"allow":["GET"]}}],"collection":[{"href":"https:\/\/encuentroinformativo.com.mx\/index.php?rest_route=\/wp\/v2\/posts"}],"about":[{"href":"https:\/\/encuentroinformativo.com.mx\/index.php?rest_route=\/wp\/v2\/types\/post"}],"author":[{"embeddable":true,"href":"https:\/\/encuentroinformativo.com.mx\/index.php?rest_route=\/wp\/v2\/users\/1"}],"replies":[{"embeddable":true,"href":"https:\/\/encuentroinformativo.com.mx\/index.php?rest_route=%2Fwp%2Fv2%2Fcomments&post=24010"}],"version-history":[{"count":1,"href":"https:\/\/encuentroinformativo.com.mx\/index.php?rest_route=\/wp\/v2\/posts\/24010\/revisions"}],"predecessor-version":[{"id":24012,"href":"https:\/\/encuentroinformativo.com.mx\/index.php?rest_route=\/wp\/v2\/posts\/24010\/revisions\/24012"}],"wp:featuredmedia":[{"embeddable":true,"href":"https:\/\/encuentroinformativo.com.mx\/index.php?rest_route=\/wp\/v2\/media\/24011"}],"wp:attachment":[{"href":"https:\/\/encuentroinformativo.com.mx\/index.php?rest_route=%2Fwp%2Fv2%2Fmedia&parent=24010"}],"wp:term":[{"taxonomy":"category","embeddable":true,"href":"https:\/\/encuentroinformativo.com.mx\/index.php?rest_route=%2Fwp%2Fv2%2Fcategories&post=24010"},{"taxonomy":"post_tag","embeddable":true,"href":"https:\/\/encuentroinformativo.com.mx\/index.php?rest_route=%2Fwp%2Fv2%2Ftags&post=24010"}],"curies":[{"name":"wp","href":"https:\/\/api.w.org\/{rel}","templated":true}]}}