{"id":24016,"date":"2022-02-26T15:13:54","date_gmt":"2022-02-26T21:13:54","guid":{"rendered":"https:\/\/encuentroinformativo.com.mx\/?p=24016"},"modified":"2022-02-26T15:13:57","modified_gmt":"2022-02-26T21:13:57","slug":"seguira-lucha-para-liberar-a-acusados-de-ultrajes-advierte-monreal","status":"publish","type":"post","link":"https:\/\/encuentroinformativo.com.mx\/?p=24016","title":{"rendered":"Seguir\u00e1 lucha para liberar a acusados de ultrajes, advierte Monreal"},"content":{"rendered":"\n<p><strong>Dar\u00edo Pale<\/strong><\/p>\n\n\n\n<p>Xalapa, Ver.- El Senador de Morena y presidente de la Junta de Coordinaci\u00f3n Politica (JUCOPO), Ricardo Monreal \u00c1vila dijo que pese a que se quede solo \u00e9l continuar\u00e1 luchando para que los inocentes y perseguidos salgan en libertad.<\/p>\n\n\n\n<p>En entrevista se\u00f1al\u00f3 que el pr\u00f3ximo lunes 28 de febrero se resolver\u00e1 en la Suprema Corte una acci\u00f3n de Inconstitucionalidad sobe el delito de ultraje a la autoridad, el cual espera que se resuelva de forma positiva para que la gente que est\u00e1 detenida por este delito pueda recobrar su libertad.<\/p>\n\n\n\n<p>&#8220;Ha eso vengo a solidarizarme con ellos, las familias de ellos que han sufrido bastante, yo vine a desayunar al restaurante conocido para seguir trabajando&#8221;, coment\u00f3.<\/p>\n\n\n\n<p>Dio a conocer que ya exist\u00eda antes el delito de ultrajes a la autoridad pero aumentaron la pena, antes alcanzaba fianza pero ahora no, por lo que debe de derogarse y declararse inconstitucional, ya que actualmente quien comete ese delito tiene prisi\u00f3n oficiosa.<\/p>\n\n\n\n<p>En otro orden de ideas en cuanto a que no asisti\u00f3 a acompa\u00f1ar a Dante Delgado en la manifestaci\u00f3n en la plaza Lerdo coment\u00f3 que &#8220;\u00e9l tiene su estrategia yo tengo la m\u00eda le tengo afecto y respeto al Senador Dante, es amigo m\u00edo Dante y ellos tienen su estrategia&#8221;.<\/p>\n\n\n\n<p>&#8220;Yo voy a seguir luchando aunque me quede solo, as\u00ed es que hay que ayudarle a la gente que est\u00e1 siendo perseguida&#8221;, agreg\u00f3.<\/p>\n\n\n\n<p>Se\u00f1al\u00f3 que en este momento quisiera que salieran todos los presos y todos lo que est\u00e1n detenidos que son inocentes en el penal de Pacho Viejo.<\/p>\n\n\n\n<p>Posteriormente se traslad\u00f3 al penal donde a trav\u00e9s de sus redes sociales dio un mensaje donde volvi\u00f3 a fijar su postura para que sean sacados de prisi\u00f3n las personas se\u00f1aladas del delito de ultrajes a la autoridad.<\/p>\n\n\n\n<p>&#8220;Seguiremos luchando para que ellas y ellos, detenidos injustamente, puedan recobrar su libertad. No vamos a abandonar la causa. Nunca nos pondremos del lado del autoritarismo, estaremos siempre con quien sufre&#8221;, se\u00f1ala en su mensaje.<\/p>\n\n\n\n<p>Reiter\u00f3 su confianza en la SCJN &#8220;conf\u00edo en que este alto Tribunal declare la inconstitucionalidad de los actos del Poder Legislativo local para que con ello y aplicando el principio de retroactividad, puedan recobrar su libertad las personas que fueron acusadas de cometer este il\u00edcito&#8221;.<\/p>\n\n\n\n<p>De forma particular se\u00f1al\u00f3 el caso del secretario de la Junta de Coordinaci\u00f3n Pol\u00edtica en el Senado, Juan Manuel del R\u00edo Virgen, quien cumplir\u00e1 70 d\u00edas en prisi\u00f3n se\u00f1alado de homicidio, confiando en que \u201cla justicia federal dar\u00e1 protecci\u00f3n y amparo a quienes est\u00e1n detenidos sin causa ni justificaci\u00f3n como es el caso del maestro Jos\u00e9 Manuel del R\u00edo Virgen&#8221;.<\/p>\n\n\n\n<p>Finalmente advirti\u00f3 que seguir\u00e1 dando dicha lucha no s\u00f3lo en Veracruz, si no en otros estados del pa\u00eds donde asegura que han pedido su misma intervenci\u00f3n, &#8220;estamos atentos a lo que ocurre en otros estados de la Rep\u00fablica&#8221;.\u00a0<\/p>\n","protected":false},"excerpt":{"rendered":"<p>Dar\u00edo Pale Xalapa, Ver.- El Senador de Morena y presidente de la Junta de Coordinaci\u00f3n Politica (JUCOPO), Ricardo Monreal \u00c1vila dijo que pese a que se quede solo \u00e9l continuar\u00e1 luchando para que los inocentes y perseguidos salgan en libertad. En entrevista se\u00f1al\u00f3 que el pr\u00f3ximo lunes 28 de febrero se resolver\u00e1 en la Suprema [&hellip;]<\/p>\n","protected":false},"author":1,"featured_media":24017,"comment_status":"open","ping_status":"open","sticky":false,"template":"","format":"standard","meta":{"_jetpack_memberships_contains_paid_content":false,"footnotes":""},"categories":[2],"tags":[],"class_list":["post-24016","post","type-post","status-publish","format-standard","has-post-thumbnail","hentry","category-estado"],"jetpack_featured_media_url":"https:\/\/encuentroinformativo.com.mx\/wp-content\/uploads\/2022\/02\/3C8F7480-ACDE-46D5-94C7-89A540ACB5B3.jpeg","jetpack_sharing_enabled":true,"jetpack_likes_enabled":true,"amp_enabled":true,"_links":{"self":[{"href":"https:\/\/encuentroinformativo.com.mx\/index.php?rest_route=\/wp\/v2\/posts\/24016","targetHints":{"allow":["GET"]}}],"collection":[{"href":"https:\/\/encuentroinformativo.com.mx\/index.php?rest_route=\/wp\/v2\/posts"}],"about":[{"href":"https:\/\/encuentroinformativo.com.mx\/index.php?rest_route=\/wp\/v2\/types\/post"}],"author":[{"embeddable":true,"href":"https:\/\/encuentroinformativo.com.mx\/index.php?rest_route=\/wp\/v2\/users\/1"}],"replies":[{"embeddable":true,"href":"https:\/\/encuentroinformativo.com.mx\/index.php?rest_route=%2Fwp%2Fv2%2Fcomments&post=24016"}],"version-history":[{"count":1,"href":"https:\/\/encuentroinformativo.com.mx\/index.php?rest_route=\/wp\/v2\/posts\/24016\/revisions"}],"predecessor-version":[{"id":24018,"href":"https:\/\/encuentroinformativo.com.mx\/index.php?rest_route=\/wp\/v2\/posts\/24016\/revisions\/24018"}],"wp:featuredmedia":[{"embeddable":true,"href":"https:\/\/encuentroinformativo.com.mx\/index.php?rest_route=\/wp\/v2\/media\/24017"}],"wp:attachment":[{"href":"https:\/\/encuentroinformativo.com.mx\/index.php?rest_route=%2Fwp%2Fv2%2Fmedia&parent=24016"}],"wp:term":[{"taxonomy":"category","embeddable":true,"href":"https:\/\/encuentroinformativo.com.mx\/index.php?rest_route=%2Fwp%2Fv2%2Fcategories&post=24016"},{"taxonomy":"post_tag","embeddable":true,"href":"https:\/\/encuentroinformativo.com.mx\/index.php?rest_route=%2Fwp%2Fv2%2Ftags&post=24016"}],"curies":[{"name":"wp","href":"https:\/\/api.w.org\/{rel}","templated":true}]}}