{"id":24022,"date":"2022-02-26T16:07:19","date_gmt":"2022-02-26T22:07:19","guid":{"rendered":"https:\/\/encuentroinformativo.com.mx\/?p=24022"},"modified":"2022-02-26T16:07:23","modified_gmt":"2022-02-26T22:07:23","slug":"inicia-repunte-de-reservaciones-cometur","status":"publish","type":"post","link":"https:\/\/encuentroinformativo.com.mx\/?p=24022","title":{"rendered":"Inicia repunte de reservaciones: COMETUR"},"content":{"rendered":"\n<p><strong>Alejandro \u00c1vila<\/strong><\/p>\n\n\n\n<p>Veracruz, Ver.- El Consejo Metropolitano de Turismo (COMETUR) reconoci\u00f3 que, el primer bimestre del 2022 fue sumamente complicado debido a la cuarta ola de COVID-19, pues \u00fanicamente pudieron alcanzar un 20 por ciento de ocupaci\u00f3n hotelera en promedio.<\/p>\n\n\n\n<p>Sergio Lois Heredia, presidente de COMETUR, agreg\u00f3 que, a mediados de febrero han iniciado a repuntar las reservas para los meses de abril y marzo, donde se espera reciban muchos visitantes en la zona conurbada Veracruz &#8211; Boca del R\u00edo.<\/p>\n\n\n\n<p>El empresario hotelero mencion\u00f3 que, mucho tendr\u00e1 que ver en el repunte la situaci\u00f3n clim\u00e1tica, pues durante los dos primeros meses, la entrada de diversos Frentes Fr\u00edos durante los fines de semana, tambi\u00e9n ahuyentaron a los posibles visitantes.<\/p>\n\n\n\n<p>&#8220;Fueron dos o han sido dos meses de ventas bastante bajas. No tan malos como los primeros meses del a\u00f1o pasado que fueron devastadores, econ\u00f3micamente hablando, estos dos meses mejor, pero ha sido un bimestre muy dif\u00edcil. Pero bueno, la verdad es que ahora, analiz\u00e1ndo lo qu\u00e9 son las reservaciones para el siguiente bimestre, lo que es marzo y abril, qu\u00e9 en abril podemos incluirlo lo qu\u00e9 es Semana Santa, en marzo podemos incluir lo que es un &#8216;puente&#8217;, creo que vamos a tener un segundo bimestre mucho mejor que el primer bimestre, en cuanto terminos de ocupaci\u00f3n&#8221;, declar\u00f3 Sergio Lois Heredia, presidente de COMETUR.<\/p>\n\n\n\n<p>El empresario hotelero reconoci\u00f3 que, la recuperaci\u00f3n econ\u00f3mica en el sector, inici\u00f3 durante el \u00faltimo cuatrimestre del 2021; sin embargo, dijo que sufrieron un poco durante la Cuarta Ola de COVID-19 en la entidad veracruzana.<\/p>\n","protected":false},"excerpt":{"rendered":"<p>Alejandro \u00c1vila Veracruz, Ver.- El Consejo Metropolitano de Turismo (COMETUR) reconoci\u00f3 que, el primer bimestre del 2022 fue sumamente complicado debido a la cuarta ola de COVID-19, pues \u00fanicamente pudieron alcanzar un 20 por ciento de ocupaci\u00f3n hotelera en promedio. Sergio Lois Heredia, presidente de COMETUR, agreg\u00f3 que, a mediados de febrero han iniciado a [&hellip;]<\/p>\n","protected":false},"author":1,"featured_media":24023,"comment_status":"open","ping_status":"open","sticky":false,"template":"","format":"standard","meta":{"_jetpack_memberships_contains_paid_content":false,"footnotes":""},"categories":[2],"tags":[],"class_list":["post-24022","post","type-post","status-publish","format-standard","has-post-thumbnail","hentry","category-estado"],"jetpack_featured_media_url":"https:\/\/encuentroinformativo.com.mx\/wp-content\/uploads\/2022\/02\/4CF821A5-C802-445E-9739-16AE4AEF0B9E.jpeg","jetpack_sharing_enabled":true,"jetpack_likes_enabled":true,"amp_enabled":true,"_links":{"self":[{"href":"https:\/\/encuentroinformativo.com.mx\/index.php?rest_route=\/wp\/v2\/posts\/24022","targetHints":{"allow":["GET"]}}],"collection":[{"href":"https:\/\/encuentroinformativo.com.mx\/index.php?rest_route=\/wp\/v2\/posts"}],"about":[{"href":"https:\/\/encuentroinformativo.com.mx\/index.php?rest_route=\/wp\/v2\/types\/post"}],"author":[{"embeddable":true,"href":"https:\/\/encuentroinformativo.com.mx\/index.php?rest_route=\/wp\/v2\/users\/1"}],"replies":[{"embeddable":true,"href":"https:\/\/encuentroinformativo.com.mx\/index.php?rest_route=%2Fwp%2Fv2%2Fcomments&post=24022"}],"version-history":[{"count":1,"href":"https:\/\/encuentroinformativo.com.mx\/index.php?rest_route=\/wp\/v2\/posts\/24022\/revisions"}],"predecessor-version":[{"id":24024,"href":"https:\/\/encuentroinformativo.com.mx\/index.php?rest_route=\/wp\/v2\/posts\/24022\/revisions\/24024"}],"wp:featuredmedia":[{"embeddable":true,"href":"https:\/\/encuentroinformativo.com.mx\/index.php?rest_route=\/wp\/v2\/media\/24023"}],"wp:attachment":[{"href":"https:\/\/encuentroinformativo.com.mx\/index.php?rest_route=%2Fwp%2Fv2%2Fmedia&parent=24022"}],"wp:term":[{"taxonomy":"category","embeddable":true,"href":"https:\/\/encuentroinformativo.com.mx\/index.php?rest_route=%2Fwp%2Fv2%2Fcategories&post=24022"},{"taxonomy":"post_tag","embeddable":true,"href":"https:\/\/encuentroinformativo.com.mx\/index.php?rest_route=%2Fwp%2Fv2%2Ftags&post=24022"}],"curies":[{"name":"wp","href":"https:\/\/api.w.org\/{rel}","templated":true}]}}