{"id":2404,"date":"2020-05-07T23:37:45","date_gmt":"2020-05-08T04:37:45","guid":{"rendered":"https:\/\/encuentroinformativo.com\/?p=2404"},"modified":"2020-05-07T23:37:48","modified_gmt":"2020-05-08T04:37:48","slug":"actividad-periodistica-movil-del-crimen-de-maria-elena-ferral","status":"publish","type":"post","link":"https:\/\/encuentroinformativo.com.mx\/?p=2404","title":{"rendered":"Actividad period\u00edstica, m\u00f3vil del crimen de Mar\u00eda Elena Ferral"},"content":{"rendered":"\n<p>Xalapa, Ver.- En relaci\u00f3n con el asesinato de la periodista Mar\u00eda Elena Ferral Hern\u00e1ndez, el pasado 30 de marzo en Papantla, la Fiscal\u00eda General del Estado (FGE) inform\u00f3 que fue posible acreditar la participaci\u00f3n de los imputados, por lo que se ejerci\u00f3 acci\u00f3n penal contra 11 de ellos, de los cuales seis han sido aprehendidos y vinculados a proceso.<\/p>\n\n\n\n<p>\u201cVamos a ir contra todo aquel que atente contra las y los periodistas, es una forma de garantizar el derecho a la informaci\u00f3n y a la libre expresi\u00f3n\u201d, asever\u00f3 el gobernador Cuitl\u00e1huac Garc\u00eda Jim\u00e9nez durante la presentaci\u00f3n del avance en las indagatorias.<\/p>\n\n\n\n<p>Por su parte, la encargada de despacho de la FGE, Ver\u00f3nica Hern\u00e1ndez Giad\u00e1ns, precis\u00f3 que la l\u00ednea de investigaci\u00f3n indica que el motivo fue el ejercicio de su actividad, \u201cviolentando el ejercicio del derecho a la informaci\u00f3n\u201d.<\/p>\n\n\n\n<p>En tanto que las fiscal\u00edas especializadas en Delitos Electorales y para la Atenci\u00f3n de Delitos cometidos contra la Libertad de Expresi\u00f3n, lograron establecer que algunos integrantes de este grupo eran generadores de violencia en la zona; por lo que ya se investiga por su v\u00ednculo con otros hechos delictivos.<\/p>\n\n\n\n<p>Por su parte, el Mandatario veracruzano reconoci\u00f3 el trabajo de la Fiscal\u00eda General del Estado por ir hasta el fondo en varios hechos importantes que tuvieron mucha repercusi\u00f3n en los medios de comunicaci\u00f3n, \u201cse ha dado no solo con los responsables materiales, sino tambi\u00e9n con sus c\u00f3mplices y con los autores intelectuales\u201d, apunt\u00f3.<\/p>\n","protected":false},"excerpt":{"rendered":"<p>Xalapa, Ver.- En relaci\u00f3n con el asesinato de la periodista Mar\u00eda Elena Ferral Hern\u00e1ndez, el pasado 30 de marzo en Papantla, la Fiscal\u00eda General del Estado (FGE) inform\u00f3 que fue posible acreditar la participaci\u00f3n de los imputados, por lo que se ejerci\u00f3 acci\u00f3n penal contra 11 de ellos, de los cuales seis han sido aprehendidos [&hellip;]<\/p>\n","protected":false},"author":1,"featured_media":2405,"comment_status":"open","ping_status":"open","sticky":false,"template":"","format":"standard","meta":{"_jetpack_memberships_contains_paid_content":false,"footnotes":""},"categories":[2],"tags":[],"class_list":["post-2404","post","type-post","status-publish","format-standard","has-post-thumbnail","hentry","category-estado"],"jetpack_featured_media_url":"https:\/\/encuentroinformativo.com.mx\/wp-content\/uploads\/2020\/05\/73C60EF4-B957-4FD4-A4E9-78B1CB63BAC4.jpeg","jetpack_sharing_enabled":true,"jetpack_likes_enabled":true,"amp_enabled":true,"_links":{"self":[{"href":"https:\/\/encuentroinformativo.com.mx\/index.php?rest_route=\/wp\/v2\/posts\/2404","targetHints":{"allow":["GET"]}}],"collection":[{"href":"https:\/\/encuentroinformativo.com.mx\/index.php?rest_route=\/wp\/v2\/posts"}],"about":[{"href":"https:\/\/encuentroinformativo.com.mx\/index.php?rest_route=\/wp\/v2\/types\/post"}],"author":[{"embeddable":true,"href":"https:\/\/encuentroinformativo.com.mx\/index.php?rest_route=\/wp\/v2\/users\/1"}],"replies":[{"embeddable":true,"href":"https:\/\/encuentroinformativo.com.mx\/index.php?rest_route=%2Fwp%2Fv2%2Fcomments&post=2404"}],"version-history":[{"count":1,"href":"https:\/\/encuentroinformativo.com.mx\/index.php?rest_route=\/wp\/v2\/posts\/2404\/revisions"}],"predecessor-version":[{"id":2406,"href":"https:\/\/encuentroinformativo.com.mx\/index.php?rest_route=\/wp\/v2\/posts\/2404\/revisions\/2406"}],"wp:featuredmedia":[{"embeddable":true,"href":"https:\/\/encuentroinformativo.com.mx\/index.php?rest_route=\/wp\/v2\/media\/2405"}],"wp:attachment":[{"href":"https:\/\/encuentroinformativo.com.mx\/index.php?rest_route=%2Fwp%2Fv2%2Fmedia&parent=2404"}],"wp:term":[{"taxonomy":"category","embeddable":true,"href":"https:\/\/encuentroinformativo.com.mx\/index.php?rest_route=%2Fwp%2Fv2%2Fcategories&post=2404"},{"taxonomy":"post_tag","embeddable":true,"href":"https:\/\/encuentroinformativo.com.mx\/index.php?rest_route=%2Fwp%2Fv2%2Ftags&post=2404"}],"curies":[{"name":"wp","href":"https:\/\/api.w.org\/{rel}","templated":true}]}}