{"id":24053,"date":"2022-02-28T12:46:46","date_gmt":"2022-02-28T18:46:46","guid":{"rendered":"https:\/\/encuentroinformativo.com.mx\/?p=24053"},"modified":"2022-02-28T12:46:49","modified_gmt":"2022-02-28T18:46:49","slug":"con-protesta-denuncian-malos-tratos-de-supervisora-escolar","status":"publish","type":"post","link":"https:\/\/encuentroinformativo.com.mx\/?p=24053","title":{"rendered":"Con protesta, denuncian malos tratos de supervisora escolar"},"content":{"rendered":"\n<p><strong>Dar\u00edo Pale<\/strong><\/p>\n\n\n\n<p>Xalapa, Ver.- Se manifiestan en las instalaciones de la Secretar\u00eda de Educaci\u00f3n de Veracruz (SEV), padres de familia e integrantes del Sindicato Unificador Magisterial (SUMA), para solicitar la liberaci\u00f3n de la escuela telesecundaria Jaime Torres Bodet.<\/p>\n\n\n\n<p>En entrevista la maestra Mar\u00eda Minelia C\u00f3rdoba Herrera secretaria general del SUMA acompa\u00f1ada de padres de familia dio a conocer que, estaban citados el d\u00eda lunes 28 de febrero de 2022, para una reuni\u00f3n en las oficinas de la SEV.<\/p>\n\n\n\n<p>El motivo de la reuni\u00f3n es para denunciar el maltrato que padecen por parte de la supervisora del Sector Banderilla de la SEV, Guadalupe Rivera Roa, a pesar de las quejas que han hecho los inconformes, la funcionaria insiste en su conducta.<\/p>\n\n\n\n<p>Los inconformes est\u00e1n solicitando la liberaci\u00f3n de la escuela telesecundaria Jaime Torres Bodet que est\u00e1 en la calle Macadamia No. 12 de la colonia 12 de diciembre de \u00e9sta ciudad capital y que actualmente pertenece a la zona escolar de Banderilla, Veracruz.<\/p>\n\n\n\n<p>En caso de no llegar a un acuerdo, tomar\u00e1n las instalaciones de la SEV, ya que est\u00e1n cansados de tantas arbitrariedades por parte de esta persona.<\/p>\n\n\n\n<p>Finalmente cabe se\u00f1alar que no tienen una hora programada para la reuni\u00f3n concertada, ya que el pasado jueves, padres de familia y profesores del sindicato SUMA, se manifestaron en las instalaciones de la zona escolar de Banderilla, Veracruz.<\/p>\n","protected":false},"excerpt":{"rendered":"<p>Dar\u00edo Pale Xalapa, Ver.- Se manifiestan en las instalaciones de la Secretar\u00eda de Educaci\u00f3n de Veracruz (SEV), padres de familia e integrantes del Sindicato Unificador Magisterial (SUMA), para solicitar la liberaci\u00f3n de la escuela telesecundaria Jaime Torres Bodet. En entrevista la maestra Mar\u00eda Minelia C\u00f3rdoba Herrera secretaria general del SUMA acompa\u00f1ada de padres de familia [&hellip;]<\/p>\n","protected":false},"author":1,"featured_media":24054,"comment_status":"open","ping_status":"open","sticky":false,"template":"","format":"standard","meta":{"_jetpack_memberships_contains_paid_content":false,"footnotes":""},"categories":[3],"tags":[],"class_list":["post-24053","post","type-post","status-publish","format-standard","has-post-thumbnail","hentry","category-xalapa"],"jetpack_featured_media_url":"https:\/\/encuentroinformativo.com.mx\/wp-content\/uploads\/2022\/02\/AA708946-719C-40BA-8B69-974E2896DB1D.jpeg","jetpack_sharing_enabled":true,"jetpack_likes_enabled":true,"amp_enabled":true,"_links":{"self":[{"href":"https:\/\/encuentroinformativo.com.mx\/index.php?rest_route=\/wp\/v2\/posts\/24053","targetHints":{"allow":["GET"]}}],"collection":[{"href":"https:\/\/encuentroinformativo.com.mx\/index.php?rest_route=\/wp\/v2\/posts"}],"about":[{"href":"https:\/\/encuentroinformativo.com.mx\/index.php?rest_route=\/wp\/v2\/types\/post"}],"author":[{"embeddable":true,"href":"https:\/\/encuentroinformativo.com.mx\/index.php?rest_route=\/wp\/v2\/users\/1"}],"replies":[{"embeddable":true,"href":"https:\/\/encuentroinformativo.com.mx\/index.php?rest_route=%2Fwp%2Fv2%2Fcomments&post=24053"}],"version-history":[{"count":1,"href":"https:\/\/encuentroinformativo.com.mx\/index.php?rest_route=\/wp\/v2\/posts\/24053\/revisions"}],"predecessor-version":[{"id":24055,"href":"https:\/\/encuentroinformativo.com.mx\/index.php?rest_route=\/wp\/v2\/posts\/24053\/revisions\/24055"}],"wp:featuredmedia":[{"embeddable":true,"href":"https:\/\/encuentroinformativo.com.mx\/index.php?rest_route=\/wp\/v2\/media\/24054"}],"wp:attachment":[{"href":"https:\/\/encuentroinformativo.com.mx\/index.php?rest_route=%2Fwp%2Fv2%2Fmedia&parent=24053"}],"wp:term":[{"taxonomy":"category","embeddable":true,"href":"https:\/\/encuentroinformativo.com.mx\/index.php?rest_route=%2Fwp%2Fv2%2Fcategories&post=24053"},{"taxonomy":"post_tag","embeddable":true,"href":"https:\/\/encuentroinformativo.com.mx\/index.php?rest_route=%2Fwp%2Fv2%2Ftags&post=24053"}],"curies":[{"name":"wp","href":"https:\/\/api.w.org\/{rel}","templated":true}]}}