{"id":24056,"date":"2022-02-28T12:50:05","date_gmt":"2022-02-28T18:50:05","guid":{"rendered":"https:\/\/encuentroinformativo.com.mx\/?p=24056"},"modified":"2022-02-28T12:50:09","modified_gmt":"2022-02-28T18:50:09","slug":"cuestionan-diputados-aumento-presupuestal-al-tev","status":"publish","type":"post","link":"https:\/\/encuentroinformativo.com.mx\/?p=24056","title":{"rendered":"Cuestionan diputados aumento presupuestal al TEV"},"content":{"rendered":"\n<p><strong>*El legislador dijo que el aumento al presupuesto del tribual se pudo haber utilizado en Educaci\u00f3n.<\/strong><\/p>\n\n\n\n<p><strong>Alejandro \u00c1vila<\/strong><\/p>\n\n\n\n<p>Boca del R\u00edo, Ver.- Para el incremento presupuestal autorizado este domingo al Tribunal Electoral de Veracruz (TEV), no existe justificaci\u00f3n alguna, acus\u00f3 el diputado local Jaime de la Garza Mart\u00ednez.<\/p>\n\n\n\n<p>El el panista dijo que, los 10 millones de pesos de aumento, son incluso excesivos, pues sobrepasan cualquier tipo de aumento.<\/p>\n\n\n\n<p>&#8220;Es m\u00e1s, a los trabajadores sindicalizados en sus salarios, cada dos a\u00f1os se les logr\u00f3 aumentar un 3 por ciento, y al Tribunal, se le est\u00e1 aumentando, m\u00e1s de un 12 por ciento en su presupuesto, en un a\u00f1o. Es decir, que de golpe y porrazo, el aumento es cuatro veces mayor que a cualquier trabajador, y d\u00f3nde queda la frase &#8216;primero los pobres&#8217;. Estos diez millones se podr\u00edan utilizar donde m\u00e1s se necesitan, c\u00f3mo en los sectores de Desarrollo Social, de Seguridad P\u00fablica, donde yo tambi\u00e9n ped\u00ed una ampliaci\u00f3n y me fue negada, a la Salud, a la Econom\u00eda, a la Educaci\u00f3n&#8221;, asest\u00f3.<\/p>\n\n\n\n<p>El Legislador panista dijo que, precisamente este recurso econ\u00f3mico se pudo haber utilizado en el sector educativo, para darle mantenimiento a los planteles educativos que sufrieron robos durante la pandemia y se encuentran a\u00fan con rezagos de infraestructura para el regreso a clases presenciales.<\/p>\n\n\n\n<p>&#8220;\u00bfY porqu\u00e9 no?, invertirlo en el Tecnol\u00f3gico de Alvarado, qu\u00e9 buena falta le hace, y que los alumnos no tienen tomado por diversos temas&#8221;, remat\u00f3.<\/p>\n\n\n\n<p>Jaime de la Garza record\u00f3 que, en el presupuesto 2022 se le disminuy\u00f3 recurso a la Secretar\u00eda de Desarrollo Social (SEDESOL), y a la Secretar\u00eda de Infraestructura y Obra P\u00fablica (SIOP), siendo esto una irracionalidad, pues en la \u00faltima dependencia se generan diversos empleos, sobre todo, a trav\u00e9s del sector de la construcci\u00f3n.<\/p>\n","protected":false},"excerpt":{"rendered":"<p>*El legislador dijo que el aumento al presupuesto del tribual se pudo haber utilizado en Educaci\u00f3n. Alejandro \u00c1vila Boca del R\u00edo, Ver.- Para el incremento presupuestal autorizado este domingo al Tribunal Electoral de Veracruz (TEV), no existe justificaci\u00f3n alguna, acus\u00f3 el diputado local Jaime de la Garza Mart\u00ednez. El el panista dijo que, los 10 [&hellip;]<\/p>\n","protected":false},"author":1,"featured_media":23523,"comment_status":"open","ping_status":"open","sticky":false,"template":"","format":"standard","meta":{"_jetpack_memberships_contains_paid_content":false,"footnotes":""},"categories":[2],"tags":[],"class_list":["post-24056","post","type-post","status-publish","format-standard","has-post-thumbnail","hentry","category-estado"],"jetpack_featured_media_url":"https:\/\/encuentroinformativo.com.mx\/wp-content\/uploads\/2022\/02\/BCB2BE21-953E-4B88-852F-2AB3A22B25C4.jpeg","jetpack_sharing_enabled":true,"jetpack_likes_enabled":true,"amp_enabled":true,"_links":{"self":[{"href":"https:\/\/encuentroinformativo.com.mx\/index.php?rest_route=\/wp\/v2\/posts\/24056","targetHints":{"allow":["GET"]}}],"collection":[{"href":"https:\/\/encuentroinformativo.com.mx\/index.php?rest_route=\/wp\/v2\/posts"}],"about":[{"href":"https:\/\/encuentroinformativo.com.mx\/index.php?rest_route=\/wp\/v2\/types\/post"}],"author":[{"embeddable":true,"href":"https:\/\/encuentroinformativo.com.mx\/index.php?rest_route=\/wp\/v2\/users\/1"}],"replies":[{"embeddable":true,"href":"https:\/\/encuentroinformativo.com.mx\/index.php?rest_route=%2Fwp%2Fv2%2Fcomments&post=24056"}],"version-history":[{"count":1,"href":"https:\/\/encuentroinformativo.com.mx\/index.php?rest_route=\/wp\/v2\/posts\/24056\/revisions"}],"predecessor-version":[{"id":24057,"href":"https:\/\/encuentroinformativo.com.mx\/index.php?rest_route=\/wp\/v2\/posts\/24056\/revisions\/24057"}],"wp:featuredmedia":[{"embeddable":true,"href":"https:\/\/encuentroinformativo.com.mx\/index.php?rest_route=\/wp\/v2\/media\/23523"}],"wp:attachment":[{"href":"https:\/\/encuentroinformativo.com.mx\/index.php?rest_route=%2Fwp%2Fv2%2Fmedia&parent=24056"}],"wp:term":[{"taxonomy":"category","embeddable":true,"href":"https:\/\/encuentroinformativo.com.mx\/index.php?rest_route=%2Fwp%2Fv2%2Fcategories&post=24056"},{"taxonomy":"post_tag","embeddable":true,"href":"https:\/\/encuentroinformativo.com.mx\/index.php?rest_route=%2Fwp%2Fv2%2Ftags&post=24056"}],"curies":[{"name":"wp","href":"https:\/\/api.w.org\/{rel}","templated":true}]}}