{"id":24061,"date":"2022-02-28T13:20:31","date_gmt":"2022-02-28T19:20:31","guid":{"rendered":"https:\/\/encuentroinformativo.com.mx\/?p=24061"},"modified":"2022-02-28T13:20:35","modified_gmt":"2022-02-28T19:20:35","slug":"a-la-baja-padron-de-productores-cafetaleros","status":"publish","type":"post","link":"https:\/\/encuentroinformativo.com.mx\/?p=24061","title":{"rendered":"A la baja padr\u00f3n de productores cafetaleros"},"content":{"rendered":"\n<p><strong>Juan Arcos <\/strong><\/p>\n\n\n\n<p>Coatepec, Ver.- En el estado de Veracruz hab\u00eda un padr\u00f3n de aproximadamente 90 mil cafetaleros que manten\u00edan su actividad.<\/p>\n\n\n\n<p>De acuerdo con el secretario del Consejo Regional del Caf\u00e9 de Coatepec, Cirilo Elotl\u00e1n D\u00edaz, la cifra de productores disminuy\u00f3 durante los \u00faltimos a\u00f1os y ahora solo son cerca de 50 mil.<\/p>\n\n\n\n<p>Lo anterior ha sido notorio debido al desplazamiento del caf\u00e9 por cultivos de lim\u00f3n en las distintas regiones de la entidad veracruzana.<\/p>\n\n\n\n<p>Elotl\u00e1n D\u00edaz indic\u00f3 que tambi\u00e9n el Padr\u00f3n Nacional Cafetalero ten\u00eda registradas 135 mil hect\u00e1reas de caf\u00e9 y de ese total s\u00f3lo quedan cerca de 90 mil hect\u00e1reas.<\/p>\n\n\n\n<p>De acuerdo con un estudio elaborado por la Universidad Veracruzana (UV), en la entidad hay diez regiones productoras de caf\u00e9.\u00a0<br>Se trata de Huayacocotla y Papantla, en la zona norte del estado; Atzalan, Misantla, Coatepec, Huatusco, C\u00f3rdoba y Zongolica, en la zona centro; y Tezonapa y Los Tuxtlas, en la zona sur.<\/p>\n\n\n\n<p>En la entidad tambi\u00e9n hay tres tipos de productores de caf\u00e9: peque\u00f1os productores o minifundistas, productores agr\u00edcolas y productores secundarios (cuya actividad cafetalera no es su prioridad).<\/p>\n\n\n\n<p>El 95.5 por ciento de las fincas cafetaleras del estado tienen una superficie menor a las tres hect\u00e1reas.<\/p>\n","protected":false},"excerpt":{"rendered":"<p>Juan Arcos Coatepec, Ver.- En el estado de Veracruz hab\u00eda un padr\u00f3n de aproximadamente 90 mil cafetaleros que manten\u00edan su actividad. De acuerdo con el secretario del Consejo Regional del Caf\u00e9 de Coatepec, Cirilo Elotl\u00e1n D\u00edaz, la cifra de productores disminuy\u00f3 durante los \u00faltimos a\u00f1os y ahora solo son cerca de 50 mil. Lo anterior [&hellip;]<\/p>\n","protected":false},"author":1,"featured_media":18935,"comment_status":"open","ping_status":"open","sticky":false,"template":"","format":"standard","meta":{"_jetpack_memberships_contains_paid_content":false,"footnotes":""},"categories":[2],"tags":[],"class_list":["post-24061","post","type-post","status-publish","format-standard","has-post-thumbnail","hentry","category-estado"],"jetpack_featured_media_url":"https:\/\/encuentroinformativo.com.mx\/wp-content\/uploads\/2021\/10\/314ABFF4-3B10-4FDE-B806-2797D0C2A4C1.jpeg","jetpack_sharing_enabled":true,"jetpack_likes_enabled":true,"amp_enabled":true,"_links":{"self":[{"href":"https:\/\/encuentroinformativo.com.mx\/index.php?rest_route=\/wp\/v2\/posts\/24061","targetHints":{"allow":["GET"]}}],"collection":[{"href":"https:\/\/encuentroinformativo.com.mx\/index.php?rest_route=\/wp\/v2\/posts"}],"about":[{"href":"https:\/\/encuentroinformativo.com.mx\/index.php?rest_route=\/wp\/v2\/types\/post"}],"author":[{"embeddable":true,"href":"https:\/\/encuentroinformativo.com.mx\/index.php?rest_route=\/wp\/v2\/users\/1"}],"replies":[{"embeddable":true,"href":"https:\/\/encuentroinformativo.com.mx\/index.php?rest_route=%2Fwp%2Fv2%2Fcomments&post=24061"}],"version-history":[{"count":1,"href":"https:\/\/encuentroinformativo.com.mx\/index.php?rest_route=\/wp\/v2\/posts\/24061\/revisions"}],"predecessor-version":[{"id":24062,"href":"https:\/\/encuentroinformativo.com.mx\/index.php?rest_route=\/wp\/v2\/posts\/24061\/revisions\/24062"}],"wp:featuredmedia":[{"embeddable":true,"href":"https:\/\/encuentroinformativo.com.mx\/index.php?rest_route=\/wp\/v2\/media\/18935"}],"wp:attachment":[{"href":"https:\/\/encuentroinformativo.com.mx\/index.php?rest_route=%2Fwp%2Fv2%2Fmedia&parent=24061"}],"wp:term":[{"taxonomy":"category","embeddable":true,"href":"https:\/\/encuentroinformativo.com.mx\/index.php?rest_route=%2Fwp%2Fv2%2Fcategories&post=24061"},{"taxonomy":"post_tag","embeddable":true,"href":"https:\/\/encuentroinformativo.com.mx\/index.php?rest_route=%2Fwp%2Fv2%2Ftags&post=24061"}],"curies":[{"name":"wp","href":"https:\/\/api.w.org\/{rel}","templated":true}]}}