{"id":24072,"date":"2022-02-28T14:16:44","date_gmt":"2022-02-28T20:16:44","guid":{"rendered":"https:\/\/encuentroinformativo.com.mx\/?p=24072"},"modified":"2022-02-28T14:16:48","modified_gmt":"2022-02-28T20:16:48","slug":"inconstitucional-delito-de-ultrajes-scjn","status":"publish","type":"post","link":"https:\/\/encuentroinformativo.com.mx\/?p=24072","title":{"rendered":"Inconstitucional delito de ultrajes: SCJN"},"content":{"rendered":"\n<p><strong>Dar\u00edo Pale<\/strong><\/p>\n\n\n\n<p>Xalapa, Ver.- La Suprema Corte de Justicia de la Naci\u00f3n (SCJN), en sesi\u00f3n de este 28 de febrero declar\u00f3 la inconstitucionalidad del delito de ultrajes a la autoridad con 10 votos a favor del sentido de la propuesta y por lo que se refiere a las consideraciones, hubo mayor\u00eda de 7 votos que se manifestaron por violaci\u00f3n a taxatividad e incluso a libertad de expresi\u00f3n.<\/p>\n\n\n\n<p>Debido a las diferentes denuncias que se realizaron por esta ley este lunes la SCJN, \u00a0analiz\u00f3 la acci\u00f3n de inconstitucionalidad interpuesto por la Comisi\u00f3n Estatal de Derechos Humanos y cada uno de los ministros emiti\u00f3 su voto con base en los argumentos que en el art\u00edculo 331 del C\u00f3digo Penal se utilizan expresiones ambiguas que al entrar en relaci\u00f3n con los verbos rectores del tipo penal vulneran el principio de taxatividad.<\/p>\n\n\n\n<p>En el proyecto se propone que son escencialmente fundados del accionante y se retoma la doctrina y alcance del derecho a la libertad de expresi\u00f3n, as\u00ed como las restricciones a dicho derecho, principalmente el criterio adoptado al resolver las acciones de inconstitucionalidad 29\/2011, 11\/2013 y 9\/2014 en los que se retomaron diversos criterios de la Corte Interamericana de Derechos Humanos.<\/p>\n\n\n\n<p>El presidente de la Corte, Arturo Zaldivar, expuso que desde su punto de vista lo que aqu\u00ed se viola no es el principio de taxatividad, sino la libertad de expresi\u00f3n de acuerdo con la metodolog\u00eda de la Corte Interamericana de Derechos Humanos.<\/p>\n\n\n\n<p>\u201cA m\u00ed me parece que no se est\u00e1 leyendo bien este precedente. La Corte Internamericana no analiz\u00f3 primero taxatividad y luego libertad de expresi\u00f3n, analiz\u00f3 la taxatividad o el principio de legalidad como parte del test para la libertad de expresi\u00f3n, eso hace una diferencia importante&#8221;, se\u00f1al\u00f3.<\/p>\n\n\n\n<p>Por su parte, la ministro Norma Luc\u00eda Pi\u00f1a, asever\u00f3 que desde su punto de vista el tipo b\u00e1sico es inconstitucional por dos razones:<br>Porque la expresi\u00f3n &#8220;amenace o agreda&#8221; viola el principio de taxatividad, no queda claro si se trata de dos conductas diferentes o de la misma conducta a la que se alude mediante dos voces sin\u00f3nimas.<\/p>\n\n\n\n<p>La segunda, porque la expresi\u00f3n agreda claramente incide en el \u00e1mbito tutelado de la libertad de expresi\u00f3n vicio que puede extenderse a la expresi\u00f3n amenaza.<\/p>\n\n\n\n<p>Por lo que, defini\u00f3 que, en tanto se estime que el legislador las ha usado como sin\u00f3nimos y, en efecto, asever\u00f3, para valorar la constitucionalidad del tipo penal es necesario tener en cuenta que el legislador pretende proteger un bien p\u00fablico o especialmente relevante para una democracia constitucional como lo es el respeto por parte de la sociedad a la autoridad encargada de aplicar la ley.<\/p>\n\n\n\n<p>No obstante, dijo la ministra, cuando se usa el derecho penal para perseguir fines leg\u00edtimos, especialmente relevantes; corresponde a la Corte controlar que los medios elegidos no afecten desproporcionadamente a otros ingredientes fundamentales de una democracia constitucional como son los derechos humanos, especialmente aquellos para su funcionamiento como la libertad de expresi\u00f3n y la libertad jur\u00eddica.<\/p>\n\n\n\n<p>Los ministros de la Suprema Corte votaron a favor del proyecto por taxatividad y por un impacto directo a la libertad de expresi\u00f3n, pero tambi\u00e9n s\u00f3lo por taxatividad.<\/p>\n\n\n\n<p>Fue el ministro Pardo Rebolledo quien defini\u00f3 que en &#8220;congruencia&#8221; con su voto expresados en precedentes sobre la misma tem\u00e1tica dijo: &#8220;estoy en contra del proyecto&#8221;.<\/p>\n\n\n\n<p>&#8220;Existe mayor\u00eda de 10 votos a favor del sentido de la propuesta y por lo que se refiere a las consideraciones, hay una mayor\u00eda de 7 votos que se manifiestan por violaci\u00f3n a taxatividad e incluso a libertad de expresi\u00f3n&#8221;, finaliz\u00f3.<\/p>\n","protected":false},"excerpt":{"rendered":"<p>Dar\u00edo Pale Xalapa, Ver.- La Suprema Corte de Justicia de la Naci\u00f3n (SCJN), en sesi\u00f3n de este 28 de febrero declar\u00f3 la inconstitucionalidad del delito de ultrajes a la autoridad con 10 votos a favor del sentido de la propuesta y por lo que se refiere a las consideraciones, hubo mayor\u00eda de 7 votos que [&hellip;]<\/p>\n","protected":false},"author":1,"featured_media":24073,"comment_status":"open","ping_status":"open","sticky":false,"template":"","format":"standard","meta":{"_jetpack_memberships_contains_paid_content":false,"footnotes":""},"categories":[2],"tags":[],"class_list":["post-24072","post","type-post","status-publish","format-standard","has-post-thumbnail","hentry","category-estado"],"jetpack_featured_media_url":"https:\/\/encuentroinformativo.com.mx\/wp-content\/uploads\/2022\/02\/AB22971D-9F00-4DBA-8965-5D1876D0A3F8.jpeg","jetpack_sharing_enabled":true,"jetpack_likes_enabled":true,"amp_enabled":true,"_links":{"self":[{"href":"https:\/\/encuentroinformativo.com.mx\/index.php?rest_route=\/wp\/v2\/posts\/24072","targetHints":{"allow":["GET"]}}],"collection":[{"href":"https:\/\/encuentroinformativo.com.mx\/index.php?rest_route=\/wp\/v2\/posts"}],"about":[{"href":"https:\/\/encuentroinformativo.com.mx\/index.php?rest_route=\/wp\/v2\/types\/post"}],"author":[{"embeddable":true,"href":"https:\/\/encuentroinformativo.com.mx\/index.php?rest_route=\/wp\/v2\/users\/1"}],"replies":[{"embeddable":true,"href":"https:\/\/encuentroinformativo.com.mx\/index.php?rest_route=%2Fwp%2Fv2%2Fcomments&post=24072"}],"version-history":[{"count":1,"href":"https:\/\/encuentroinformativo.com.mx\/index.php?rest_route=\/wp\/v2\/posts\/24072\/revisions"}],"predecessor-version":[{"id":24074,"href":"https:\/\/encuentroinformativo.com.mx\/index.php?rest_route=\/wp\/v2\/posts\/24072\/revisions\/24074"}],"wp:featuredmedia":[{"embeddable":true,"href":"https:\/\/encuentroinformativo.com.mx\/index.php?rest_route=\/wp\/v2\/media\/24073"}],"wp:attachment":[{"href":"https:\/\/encuentroinformativo.com.mx\/index.php?rest_route=%2Fwp%2Fv2%2Fmedia&parent=24072"}],"wp:term":[{"taxonomy":"category","embeddable":true,"href":"https:\/\/encuentroinformativo.com.mx\/index.php?rest_route=%2Fwp%2Fv2%2Fcategories&post=24072"},{"taxonomy":"post_tag","embeddable":true,"href":"https:\/\/encuentroinformativo.com.mx\/index.php?rest_route=%2Fwp%2Fv2%2Ftags&post=24072"}],"curies":[{"name":"wp","href":"https:\/\/api.w.org\/{rel}","templated":true}]}}