{"id":24075,"date":"2022-02-28T14:55:17","date_gmt":"2022-02-28T20:55:17","guid":{"rendered":"https:\/\/encuentroinformativo.com.mx\/?p=24075"},"modified":"2022-02-28T14:55:21","modified_gmt":"2022-02-28T20:55:21","slug":"se-enviara-nueva-iniciativa-advierte-gobernador","status":"publish","type":"post","link":"https:\/\/encuentroinformativo.com.mx\/?p=24075","title":{"rendered":"Se enviar\u00e1 nueva iniciativa, advierte Gobernador"},"content":{"rendered":"\n<p><strong>Dar\u00edo Pale<\/strong><\/p>\n\n\n\n<p>Xalapa, Ver.- El gobernador de Veracruz Cuitlahuac Garc\u00eda Jim\u00e9nez dio a conocer que el d\u00eda de ma\u00f1ana martes primero de marzo enviar\u00e1 una nueva iniciativa de Reforma para delitos de ultrajes a la autoridad, debido a la resoluci\u00f3n que emiti\u00f3 la Suprema Corte de Justicia de la Naci\u00f3n (SCJN) al derogar la ley de ultrajes a la autoridad.<\/p>\n\n\n\n<p>En conferencia de renta en palacio de gobierno se\u00f1al\u00f3 que el d\u00eda martes primero de marzo enviar\u00e1 al congreso del estado unaU nueva iniciativa de Reforma que incluya los delitos de ultrajes a la autoridad, la cual fue declarada inconstitucional por la SCJN.<\/p>\n\n\n\n<p>El mandatario estatal dio a conocer que atender\u00e1n las observaciones en t\u00e9rminos de \u00a0leyes y lenguaje para que se pueda volver a tener este delito en el estado.<\/p>\n\n\n\n<p>\u201cTenemos que redactar de mejor manera, no como la del 2003, del articulo que enviemos quejes pueda redactar de tal manera que se siga penalizando la acci\u00f3n violenta con armas, cuando se hace la funci\u00f3n de seguridad, ya vamos a cuidar la redacci\u00f3n\u201d, se\u00f1al\u00f3.<\/p>\n\n\n\n<p>El Ejecutivo Estatal solicito a los diputados y diputadas locales atender su iniciativa de manera responsable, adem\u00e1s de que cuiden los tiempos que marca la Ley.<\/p>\n\n\n\n<p>Record\u00f3 que con los delitos de ultrajes a la autoridad, se ha logrado detener a m\u00e1s de 550 integrantes del crimen organizado, en donde hay jefes de plaza as\u00ed como lugar-tenientes, sin embargo dijo que actualmente s\u00f3lo hay 200 personas detenidas por dicho delito.<\/p>\n\n\n\n<p>El gobernador veracruzano reconoci\u00f3 que sab\u00eda que se podr\u00eda dar el recurso de inconstitucionalidad, por lo que han venido trabajando para que la Reforma se pueda volver a presentar y no dejar en libertad a delincuentes.<\/p>\n\n\n\n<p>Finalmente dio a conocer que los culpables de delitos graves y que fueron detenidos por ultrajes ya tienen otros se\u00f1alamientos, por los cuales ya est\u00e1n siendo procesados por la Fiscal\u00eda General del Estado.<\/p>\n","protected":false},"excerpt":{"rendered":"<p>Dar\u00edo Pale Xalapa, Ver.- El gobernador de Veracruz Cuitlahuac Garc\u00eda Jim\u00e9nez dio a conocer que el d\u00eda de ma\u00f1ana martes primero de marzo enviar\u00e1 una nueva iniciativa de Reforma para delitos de ultrajes a la autoridad, debido a la resoluci\u00f3n que emiti\u00f3 la Suprema Corte de Justicia de la Naci\u00f3n (SCJN) al derogar la ley [&hellip;]<\/p>\n","protected":false},"author":1,"featured_media":24076,"comment_status":"open","ping_status":"open","sticky":false,"template":"","format":"standard","meta":{"_jetpack_memberships_contains_paid_content":false,"footnotes":""},"categories":[2],"tags":[],"class_list":["post-24075","post","type-post","status-publish","format-standard","has-post-thumbnail","hentry","category-estado"],"jetpack_featured_media_url":"https:\/\/encuentroinformativo.com.mx\/wp-content\/uploads\/2022\/02\/C01921CE-4E9C-4304-9BB9-117662CB925E.jpeg","jetpack_sharing_enabled":true,"jetpack_likes_enabled":true,"amp_enabled":true,"_links":{"self":[{"href":"https:\/\/encuentroinformativo.com.mx\/index.php?rest_route=\/wp\/v2\/posts\/24075","targetHints":{"allow":["GET"]}}],"collection":[{"href":"https:\/\/encuentroinformativo.com.mx\/index.php?rest_route=\/wp\/v2\/posts"}],"about":[{"href":"https:\/\/encuentroinformativo.com.mx\/index.php?rest_route=\/wp\/v2\/types\/post"}],"author":[{"embeddable":true,"href":"https:\/\/encuentroinformativo.com.mx\/index.php?rest_route=\/wp\/v2\/users\/1"}],"replies":[{"embeddable":true,"href":"https:\/\/encuentroinformativo.com.mx\/index.php?rest_route=%2Fwp%2Fv2%2Fcomments&post=24075"}],"version-history":[{"count":1,"href":"https:\/\/encuentroinformativo.com.mx\/index.php?rest_route=\/wp\/v2\/posts\/24075\/revisions"}],"predecessor-version":[{"id":24077,"href":"https:\/\/encuentroinformativo.com.mx\/index.php?rest_route=\/wp\/v2\/posts\/24075\/revisions\/24077"}],"wp:featuredmedia":[{"embeddable":true,"href":"https:\/\/encuentroinformativo.com.mx\/index.php?rest_route=\/wp\/v2\/media\/24076"}],"wp:attachment":[{"href":"https:\/\/encuentroinformativo.com.mx\/index.php?rest_route=%2Fwp%2Fv2%2Fmedia&parent=24075"}],"wp:term":[{"taxonomy":"category","embeddable":true,"href":"https:\/\/encuentroinformativo.com.mx\/index.php?rest_route=%2Fwp%2Fv2%2Fcategories&post=24075"},{"taxonomy":"post_tag","embeddable":true,"href":"https:\/\/encuentroinformativo.com.mx\/index.php?rest_route=%2Fwp%2Fv2%2Ftags&post=24075"}],"curies":[{"name":"wp","href":"https:\/\/api.w.org\/{rel}","templated":true}]}}