{"id":24078,"date":"2022-02-28T15:32:26","date_gmt":"2022-02-28T21:32:26","guid":{"rendered":"https:\/\/encuentroinformativo.com.mx\/?p=24078"},"modified":"2022-02-28T15:32:28","modified_gmt":"2022-02-28T21:32:28","slug":"solicitan-activistas-exhumaciones-en-fosas-comunes","status":"publish","type":"post","link":"https:\/\/encuentroinformativo.com.mx\/?p=24078","title":{"rendered":"Solicitan activistas exhumaciones en fosas comunes"},"content":{"rendered":"\n<p><strong>Juan Arcos<\/strong><\/p>\n\n\n\n<p>Xalapa, Ver.- Activistas pidieron a las autoridades municipales y estatales que se realicen exhumaciones en fosas comunes de los panteones, en busca de personas desaparecidas.<\/p>\n\n\n\n<p>De acuerdo con la defensora de los derechos humanos, Ana\u00eds Palacios Hern\u00e1ndez, se trata de una solicitud que han efectuado con frecuencia los integrantes de colectivos de familiares de desaparecidos.<\/p>\n\n\n\n<p>La petici\u00f3n se ha realizado de manera formal a la Fiscal\u00eda General del Estado (FGE); sin embargo, las familias contin\u00faan a la espera de que se emitan las autorizaciones correspondientes.<\/p>\n\n\n\n<p>\u201cHay necesidad de explorar los panteones municipales por la din\u00e1mica que en 2010 y 2011 se llevaba. Antes no hab\u00eda protocolos. Hay que trasladar el marco jur\u00eddico a todos los casos de desaparici\u00f3n\u201d, expres\u00f3 la activista.<\/p>\n\n\n\n<p>Cabe recordar que distintos colectivos han protestado afuera del pante\u00f3n Palo Verde, ubicado sobre la avenida 20 de Noviembre, en esta ciudad de Xalapa, por el mismo motivo.\u00a0<br>Sin embargo, se requieren exhumaciones tambi\u00e9n en los panteones de Coatepec, Emiliano Zapata, Xico, Naolinco y Banderilla, por mencionar algunos.<\/p>\n\n\n\n<p>\u201cAntes no hab\u00eda protocolos de identificaci\u00f3n, pruebas de ADN, durante mucho tiempo eso que se simul\u00f3, tiene que ser revisado a la luz de estas nuevas posibilidades, pues ya hay un Centro de Identificaci\u00f3n Integral en Nogales y una Comisi\u00f3n de B\u00fasqueda\u201d, a\u00f1adi\u00f3 Palacios Hern\u00e1ndez.<\/p>\n","protected":false},"excerpt":{"rendered":"<p>Juan Arcos Xalapa, Ver.- Activistas pidieron a las autoridades municipales y estatales que se realicen exhumaciones en fosas comunes de los panteones, en busca de personas desaparecidas. De acuerdo con la defensora de los derechos humanos, Ana\u00eds Palacios Hern\u00e1ndez, se trata de una solicitud que han efectuado con frecuencia los integrantes de colectivos de familiares [&hellip;]<\/p>\n","protected":false},"author":1,"featured_media":24079,"comment_status":"open","ping_status":"open","sticky":false,"template":"","format":"standard","meta":{"_jetpack_memberships_contains_paid_content":false,"footnotes":""},"categories":[3],"tags":[],"class_list":["post-24078","post","type-post","status-publish","format-standard","has-post-thumbnail","hentry","category-xalapa"],"jetpack_featured_media_url":"https:\/\/encuentroinformativo.com.mx\/wp-content\/uploads\/2022\/02\/F40BEADD-0A0D-4D42-902D-5D4FB9B3C057.jpeg","jetpack_sharing_enabled":true,"jetpack_likes_enabled":true,"amp_enabled":true,"_links":{"self":[{"href":"https:\/\/encuentroinformativo.com.mx\/index.php?rest_route=\/wp\/v2\/posts\/24078","targetHints":{"allow":["GET"]}}],"collection":[{"href":"https:\/\/encuentroinformativo.com.mx\/index.php?rest_route=\/wp\/v2\/posts"}],"about":[{"href":"https:\/\/encuentroinformativo.com.mx\/index.php?rest_route=\/wp\/v2\/types\/post"}],"author":[{"embeddable":true,"href":"https:\/\/encuentroinformativo.com.mx\/index.php?rest_route=\/wp\/v2\/users\/1"}],"replies":[{"embeddable":true,"href":"https:\/\/encuentroinformativo.com.mx\/index.php?rest_route=%2Fwp%2Fv2%2Fcomments&post=24078"}],"version-history":[{"count":1,"href":"https:\/\/encuentroinformativo.com.mx\/index.php?rest_route=\/wp\/v2\/posts\/24078\/revisions"}],"predecessor-version":[{"id":24080,"href":"https:\/\/encuentroinformativo.com.mx\/index.php?rest_route=\/wp\/v2\/posts\/24078\/revisions\/24080"}],"wp:featuredmedia":[{"embeddable":true,"href":"https:\/\/encuentroinformativo.com.mx\/index.php?rest_route=\/wp\/v2\/media\/24079"}],"wp:attachment":[{"href":"https:\/\/encuentroinformativo.com.mx\/index.php?rest_route=%2Fwp%2Fv2%2Fmedia&parent=24078"}],"wp:term":[{"taxonomy":"category","embeddable":true,"href":"https:\/\/encuentroinformativo.com.mx\/index.php?rest_route=%2Fwp%2Fv2%2Fcategories&post=24078"},{"taxonomy":"post_tag","embeddable":true,"href":"https:\/\/encuentroinformativo.com.mx\/index.php?rest_route=%2Fwp%2Fv2%2Ftags&post=24078"}],"curies":[{"name":"wp","href":"https:\/\/api.w.org\/{rel}","templated":true}]}}