{"id":24087,"date":"2022-02-28T18:06:20","date_gmt":"2022-03-01T00:06:20","guid":{"rendered":"https:\/\/encuentroinformativo.com.mx\/?p=24087"},"modified":"2022-02-28T18:06:28","modified_gmt":"2022-03-01T00:06:28","slug":"promueve-diputada-fortalecimiento-institucional-a-favor-de-cafetaleros","status":"publish","type":"post","link":"https:\/\/encuentroinformativo.com.mx\/?p=24087","title":{"rendered":"Promueve Diputada fortalecimiento institucional a favor de cafetaleros"},"content":{"rendered":"\n<p><strong>*Se re\u00fane Nora Lagunes con su hom\u00f3loga Citlali Medell\u00edn y con especialistas; acuerdan unir esfuerzos en favor de los productores.<\/strong><\/p>\n\n\n\n<p>Xalapa, Ver.- La diputada Nora J\u00e9ssica Lagunes J\u00e1uregui, presidenta de la Comisi\u00f3n Especial para la Atenci\u00f3n y Seguimiento del Cultivo, Transformaci\u00f3n, Procesamiento y Comercializaci\u00f3n del Caf\u00e9 Veracruzano, se reuni\u00f3 con la legisladora Citlali Medell\u00edn Careaga y con especialistas en la materia para dialogar acerca de la necesidad de mantener el impulso al arom\u00e1tico en la agenda estatal.<\/p>\n\n\n\n<p>En sus oficinas recibi\u00f3 al director de la Facultad de Ciencias Agr\u00edcolas de la Universidad Veracruzana, Carlos Roberto Cerd\u00e1n Cabrera; a la directora de Caf\u00e9s Especiales \u201cBamba de Veracruz\u201d, Ang\u00e9lica Mayela Assad Ruiz, y al productor Eduardo Assad Azuara, con quienes comparti\u00f3 su experiencia al frente de dicha comisi\u00f3n.<\/p>\n\n\n\n<p>Record\u00f3 la reciente aprobaci\u00f3n de la reforma a la Ley para el Fomento, Desarrollo Sustentable, Producci\u00f3n, Distribuci\u00f3n y Comercializaci\u00f3n del Caf\u00e9 Veracruzano que, a su vez, abre camino a nuevas acciones prioritarias por las que busca alcanzar mejores condiciones para las y los productores estatales y sus familias.<\/p>\n\n\n\n<p>Al escuchar a la legisladora Medell\u00edn Careaga y a los especialistas, Nora Lagunes coincidi\u00f3 con ellos en la necesidad y el compromiso de sumar trabajo y vinculaci\u00f3n con productores, con los tres \u00f3rdenes de gobierno y con la M\u00e1xima Casa de Estudios del estado para posicionar al caf\u00e9 veracruzano en el lugar que siempre ha merecido ocupar en el mundo.<\/p>\n\n\n\n<p>Un aspecto que destac\u00f3 como objetivo fundamental de estas acciones y de justicia social es el fortalecimiento de la econom\u00eda de las familias productoras, quienes, dijo, durante d\u00e9cadas han dedicado todos sus esfuerzos a ofrecer un caf\u00e9 cuya calidad lo coloca entre los mejores del mundo, raz\u00f3n por la cual, insisti\u00f3 en respaldar a quienes son el inicio de la cadena productiva.<\/p>\n\n\n\n<p>Las y los participantes de esta reuni\u00f3n acordaron dar continuidad a la labor iniciada en la Comisi\u00f3n Especial. A su vez, la diputada Nora Lagunes refrend\u00f3 su compromiso con las y los cafeticultores veracruzanos para asegurar que sus productos hagan valer su calidad y sean garant\u00eda de bienestar, progreso, proyecci\u00f3n y prestigio en cualquier lugar de M\u00e9xico y del mundo.<\/p>\n","protected":false},"excerpt":{"rendered":"<p>*Se re\u00fane Nora Lagunes con su hom\u00f3loga Citlali Medell\u00edn y con especialistas; acuerdan unir esfuerzos en favor de los productores. Xalapa, Ver.- La diputada Nora J\u00e9ssica Lagunes J\u00e1uregui, presidenta de la Comisi\u00f3n Especial para la Atenci\u00f3n y Seguimiento del Cultivo, Transformaci\u00f3n, Procesamiento y Comercializaci\u00f3n del Caf\u00e9 Veracruzano, se reuni\u00f3 con la legisladora Citlali Medell\u00edn Careaga [&hellip;]<\/p>\n","protected":false},"author":1,"featured_media":24088,"comment_status":"open","ping_status":"open","sticky":false,"template":"","format":"standard","meta":{"_jetpack_memberships_contains_paid_content":false,"footnotes":""},"categories":[2],"tags":[],"class_list":["post-24087","post","type-post","status-publish","format-standard","has-post-thumbnail","hentry","category-estado"],"jetpack_featured_media_url":"https:\/\/encuentroinformativo.com.mx\/wp-content\/uploads\/2022\/02\/1A17EEEC-5EF6-40B2-8C9E-2E91445E076A.jpeg","jetpack_sharing_enabled":true,"jetpack_likes_enabled":true,"amp_enabled":true,"_links":{"self":[{"href":"https:\/\/encuentroinformativo.com.mx\/index.php?rest_route=\/wp\/v2\/posts\/24087","targetHints":{"allow":["GET"]}}],"collection":[{"href":"https:\/\/encuentroinformativo.com.mx\/index.php?rest_route=\/wp\/v2\/posts"}],"about":[{"href":"https:\/\/encuentroinformativo.com.mx\/index.php?rest_route=\/wp\/v2\/types\/post"}],"author":[{"embeddable":true,"href":"https:\/\/encuentroinformativo.com.mx\/index.php?rest_route=\/wp\/v2\/users\/1"}],"replies":[{"embeddable":true,"href":"https:\/\/encuentroinformativo.com.mx\/index.php?rest_route=%2Fwp%2Fv2%2Fcomments&post=24087"}],"version-history":[{"count":1,"href":"https:\/\/encuentroinformativo.com.mx\/index.php?rest_route=\/wp\/v2\/posts\/24087\/revisions"}],"predecessor-version":[{"id":24089,"href":"https:\/\/encuentroinformativo.com.mx\/index.php?rest_route=\/wp\/v2\/posts\/24087\/revisions\/24089"}],"wp:featuredmedia":[{"embeddable":true,"href":"https:\/\/encuentroinformativo.com.mx\/index.php?rest_route=\/wp\/v2\/media\/24088"}],"wp:attachment":[{"href":"https:\/\/encuentroinformativo.com.mx\/index.php?rest_route=%2Fwp%2Fv2%2Fmedia&parent=24087"}],"wp:term":[{"taxonomy":"category","embeddable":true,"href":"https:\/\/encuentroinformativo.com.mx\/index.php?rest_route=%2Fwp%2Fv2%2Fcategories&post=24087"},{"taxonomy":"post_tag","embeddable":true,"href":"https:\/\/encuentroinformativo.com.mx\/index.php?rest_route=%2Fwp%2Fv2%2Ftags&post=24087"}],"curies":[{"name":"wp","href":"https:\/\/api.w.org\/{rel}","templated":true}]}}