{"id":24091,"date":"2022-03-01T09:06:52","date_gmt":"2022-03-01T15:06:52","guid":{"rendered":"https:\/\/encuentroinformativo.com.mx\/?p=24091"},"modified":"2022-03-01T09:06:55","modified_gmt":"2022-03-01T15:06:55","slug":"ebrard-sheinbaum-y-el-2024-la-politica-es-de-circunstancias","status":"publish","type":"post","link":"https:\/\/encuentroinformativo.com.mx\/?p=24091","title":{"rendered":"EBRARD-SHEINBAUM Y EL 2024: LA POL\u00cdTICA ES DE CIRCUNSTANCIAS"},"content":{"rendered":"\n<p><strong>ColumnaSinNombre<br>@pablojair<\/strong><\/p>\n\n\n\n<ul class=\"wp-block-list\"><li>Cuando a T\u00edo Fide se lo llev\u00f3 una patrulla a Veracruz.<\/li><li>Este lunes comenzaron a pagar pendientes a Ayuntamientos.<\/li><li>Sin ultrajes, de todas maneras se quedan entambados: Cuitl\u00e1huac<\/li><\/ul>\n\n\n\n<p>Y quedaron payasos cuando supieron que &#8220;Lokelio&#8221; no sal\u00eda.<br>Por el mismo rumbo, el que ya no debe ser virgen en el bote\u2026<br>&#8211;Chopenajawer<\/p>\n\n\n\n<p>Hace un mes, m\u00e1s o menos, en las encuestas presidenciales se hablaba de que la jefa de Gobierno de la Ciudad de M\u00e9xico, Claudia Sheinbaum, ya hab\u00eda rebasado a Marcelo Ebrard, quien se perfilaba &#8211;hasta ese momento&#8211; como el \u00fanico sucesor seguro de Andr\u00e9s Manuel L\u00f3pez Obrador.<\/p>\n\n\n\n<p>En este escenario de los dos m\u00e1s fuertes candidatos de Morena (apoyado cada quien por los grupos m\u00e1s representativos del partido lopezobradista que van desde los gobernadores, legisladores, superdelegados y hasta los alcaldes) Marcelo Ebrard ya ha plantado su bandera.<\/p>\n\n\n\n<p>Primero, gan\u00f3 la dirigencia nacional de Morena con su colaborador cercano Mario Delgado, a quien en alg\u00fan momento lleg\u00f3 a candidatear como su sucesor en la jefatura de Gobierno del entonces Distrito Federal, cargo que finalmente gan\u00f3 Miguel \u00c1ngel Mancera.<\/p>\n\n\n\n<p>Esa primera lucha de los grupos m\u00e1s fuertes del morenismo la gan\u00f3 Ebrard y en la l\u00f3gica de la vieja pol\u00edtica se entiende que era fundamental que el canciller tuviera el control nacional del partido para ir realizando la operaci\u00f3n pol\u00edtica necesaria para el 2024.<\/p>\n\n\n\n<p>Por su parte, Sheinbaum recibe bastante reflectores por ser la jefa de Gobierno de la capital del pa\u00eds, lo que para los medios de alcance nacional asentados en la Ciudad de M\u00e9xico cobra relevancia por lo que haga o deje de hacer en su administraci\u00f3n.<\/p>\n\n\n\n<p>Si bien Sheinbaum ya tra\u00eda buenos n\u00fameros, la gobernante ha sido tambi\u00e9n la m\u00e1s golpeada: casos como la tragedia del metro Tl\u00e1huac (con 26 muertos) donde recibi\u00f3 todo el embate medi\u00e1tico y de opositores por una obra que construy\u00f3 Ebrard en su gesti\u00f3n frente al gobierno local, en medio de se\u00f1alamientos de haberse construido con fallas y errores.<\/p>\n\n\n\n<p>Este asunto origin\u00f3 que en las pasadas elecciones locales de la CDMX, la mitad de la ciudad apenas se mantuviera como basti\u00f3n del lopezobradorismo, perdiendo alcald\u00edas (hoy delegaciones) importantes y emblem\u00e1ticas como la Cuauht\u00e9moc, entre otras.<\/p>\n\n\n\n<p>Ebrard ha logrado sortear de una u otra manera los ataques y su proyecci\u00f3n internacional le ha permitido tener \u00e9xitos como la demanda que interpuso en Estados Unidos contra fabricantes de armas (que tambi\u00e9n le gener\u00f3 simpat\u00edas de un sector de la poblaci\u00f3n gringa, v\u00edctimas de las balaceras en escuelas y plazas); adem\u00e1s de que ha sabido mediar lo que aparentemente son peque\u00f1os pleitos con Estados Unidos, pero que no pasan de dimes y diretes diplom\u00e1ticos.<\/p>\n\n\n\n<p>Y es que cualquier pol\u00edtico con sentido com\u00fan sabe que es un suicidio pelearse con el vecino del norte, que es el principal socio comercial y fuente de las remesas que sostienen a este pa\u00eds.<\/p>\n\n\n\n<p>Sheinbaum se mantiene, creo, todav\u00eda fuerte como candidata, pero en estos \u00faltimos d\u00edas (habr\u00e1 que verificarlo con las mediciones pr\u00f3ximas) no la tuvo f\u00e1cil con situaciones como el esc\u00e1ndalo del medicamento Ivermectina que recomendaban para combatir al Covid, la falta de vacunas aprobadas para viajar al extranjero como la Astra Z\u00e9neca y &#8211;principalmente&#8211; los feminicidios que han estado sucediendo en la capital mexicana.<\/p>\n\n\n\n<p>Con estas situaciones es muy probable que la medici\u00f3n de Sheinbaum vaya a la baja a\u00fan cuando una de estas tres situaciones (los feminicidios) salen de su control total, a diferencia de la falta de abastecimiento de las vacunas y el medicamento no recomendado que pudo evitarse.<\/p>\n\n\n\n<p>Y es que el Plan Nacional de Vacunaci\u00f3n incluy\u00f3 a vacunas rusas como la Sputnik, que no es aceptada en todo el mundo para viajar; algo que quiz\u00e1s no previeron en el Gobierno Federal y se dieron cuenta los &#8220;expertos&#8221; cuando vieron que tambi\u00e9n muchos mexicanos viajan al extranjero y necesitan inoculaciones aprobadas mundialmente, no por ideolog\u00edas y simpat\u00edas pol\u00edticas, sino por organismos internacionales. Eso pas\u00f3 en la CDMX: los chavos buscaban Astra Z\u00e9neca porque tienen pensado viajar al extranjero y necesitan de esa vacuna aprobada.<\/p>\n\n\n\n<p>Es curioso, pero nuevamente este error de compras de vacunas rusas fue algo que Ebrard difundi\u00f3 como un logro del gobierno (m\u00e1xime que es quien gestiona las compras), pero es Sheinbaum la que carga con el peso pol\u00edtico de que nadie quiere inocularse con Sputnik.<\/p>\n\n\n\n<p>Marcelo Ebrard seguramente saldr\u00e1 muy alto en las encuestas, pues con el inicio de la guerra Rusia-Ucrania ha sido el canciller el personaje clave para sacar a los compatriotas varados en esa parte del mundo, adem\u00e1s de ser el primero en condenar la guerra por parte de M\u00e9xico.<\/p>\n\n\n\n<p>Hay qu\u00e9 decirlo: en el gobierno mexicano se estaban haciendo los occisos con la condena hasta que vino el reclamo de la Embajada ucraniana de que necesitaban una postura clara\u2026 y pues as\u00ed salieron para no quedarse atr\u00e1s de los l\u00edderes del mundo que s\u00ed lo hicieron a tiempo.<\/p>\n\n\n\n<p>Definitivamente la pol\u00edtica es de circunstancias: cuando empez\u00f3 la Cuarta Transformeishion se dec\u00eda que no hab\u00eda otro candidato m\u00e1s que Ebrard; luego le empat\u00f3 Sheinbaum, pero nadie esperaba que apareciera a nivel mundial una pandemia y una guerra que cambian todo, hasta las preferencias de los votantes.<\/p>\n\n\n\n<p>Todo puede cambiar: los m\u00e1s seguros se pueden caer tambi\u00e9n y los que vienen desde abajo pueden alcanzar.<\/p>\n\n\n\n<p><strong>NOTA PARA PEGAR EN EL REFRI: <\/strong>Nos platica un exagente de Tr\u00e1nsito una an\u00e9cdota de cuando el entonces gobernador Fidel Herrera burlaba a sus guardias de seguridad y de repente se iba en otra unidad para perderse de sus escoltas\u2026 Cuenta este elemento que una vez se dirig\u00eda a Palacio de Gobierno a dejar un documento para que lo firmara un funcionario, cuando de repente, de la nada, le abren la puerta del pasajero y se da cuenta que es el mism\u00edsimo &#8220;T\u00edo Fide&#8221;, quien le pide que lo lleve al puerto de Veracruz\u2026 El asunto era ver si llegaba la unidad porque estaba toda maltrecha, con chipotes en las llantas y los asientos ro\u00eddos con la tela rota, por lo que el gobernador ven\u00eda casi comiendo fierro, levantaba tantito el trasero y dec\u00eda &#8220;como que ya le hace falta una tapizada, \u00bfverdad?&#8221;\u2026 Y as\u00ed se llev\u00f3 este elemento al gobernador hasta el puerto, desde donde se report\u00f3 con sus superiores (que ya lo andaban buscando) para decirles que el documento iba a tardar tantito: &#8220;Es que ya urge&#8221;, le contestaban\u2026 &#8220;Pues si, pero quieres te paso al gobernador para que hables con \u00e9l&#8221;\u2026 El T\u00edo, de hecho, firm\u00f3 los documentos y lleg\u00f3 a su destino. Meses despu\u00e9s llegar\u00edan patrullas nuevas.<\/p>\n\n\n\n<p><strong>OTRA NOTA<\/strong>: Que este lunes comenzaron los pagos a Ayuntamientos por parte del Gobierno de Veracruz, derivado de las sentencias de la Suprema Corte de Justicia de la Naci\u00f3n (SCJN), ya que dejaron de recibir recursos desde el a\u00f1o 2016, cuando gobernaba Javier Duarte\u2026 El que dio a conocer lo anterior fue el secretario de Finanzas, Jos\u00e9 Luis Lima Franco, en sus redes sociales: &#8220;El d\u00eda de hoy por instrucci\u00f3n del gobernador Cuitl\u00e1huac Garc\u00eda Jim\u00e9nez, comenzamos con la ministraci\u00f3n de pagos derivados de las controversias constitucionales interpuestas por diversos municipios, debido a la falta de pagos de los fondos federales omitidos durante el periodo 2010-2016. Gracias a las pol\u00edticas de austeridad y disciplina financiera, hemos podido liquidar las deudas y al mismo tiempo hemos logrado fortalecer las finanzas, respetando el compromiso que el Gobierno del Estado ha realizado con cada uno de los ayuntamientos y dando cumplimiento a las obligaciones financieras&#8221;\u2026 Los beneficiados fueron 12 ayuntamientos con 160 millones de pesos: Xico 2 millones 481 mil 283 pesos, Boca del R\u00edo 20 millones 037 mil 878, Ixhuatlancillo 7 millones 331 mil 517, Zongolica 41 mil 492, San Andr\u00e9s Tenejapan un mill\u00f3n 607 mil 653, Ixhuatl\u00e1n del Sureste 2 millones 131 mil 715, Tihuatl\u00e1n 17 millones 400 mil 844, Texistepec 6 millones 230 mil 815, Las Choapas 11 millones 993 mil 940, Cosoleacaque 12 millones 318 mil 257, Mecayapan un mill\u00f3n 013 mil 158 y Soconusco 81 millones 399 mil 155.<\/p>\n\n\n\n<p><strong>LA \u00daLTIMA PORQUE APENAS EN LA SEGUNDA PARTE DEL MASTER CHIEF COLLECTION:<\/strong> Al ser cuestionado sobre el fallo de la Suprema Corte de Justicia de la Naci\u00f3n (SCJN) en relaci\u00f3n a los ultrajes a la autoridad, el gobernador Cuitl\u00e1huac Garc\u00eda Jim\u00e9nez asegur\u00f3 que previendo cualquiera de los escenarios se trabaj\u00f3 sobre otras opciones para asegurar que los verdaderos delincuentes siguieran sus procesos judiciales por otros delitos\u2026 &#8220;Tambi\u00e9n ante la posibilidad de esto pasara la Fiscal\u00eda y el Poder Judicial estuvieron actuando para garantizar que siguieran sus procesos judiciales sin este delito; eso protege a la sociedad&#8221;, asegur\u00f3\u2026 Detall\u00f3 que al derogar el delito de ultrajes podr\u00edan salir en libertad 200 personas con prisi\u00f3n preventiva de los m\u00e1s de mil 33 que se encuentran a la espera de su proceso, ya que no tienen acusaciones de delitos graves.<\/p>\n","protected":false},"excerpt":{"rendered":"<p>ColumnaSinNombre@pablojair Cuando a T\u00edo Fide se lo llev\u00f3 una patrulla a Veracruz. Este lunes comenzaron a pagar pendientes a Ayuntamientos. Sin ultrajes, de todas maneras se quedan entambados: Cuitl\u00e1huac Y quedaron payasos cuando supieron que &#8220;Lokelio&#8221; no sal\u00eda.Por el mismo rumbo, el que ya no debe ser virgen en el bote\u2026&#8211;Chopenajawer Hace un mes, m\u00e1s [&hellip;]<\/p>\n","protected":false},"author":1,"featured_media":488,"comment_status":"open","ping_status":"open","sticky":false,"template":"","format":"standard","meta":{"_jetpack_memberships_contains_paid_content":false,"footnotes":""},"categories":[11],"tags":[],"class_list":["post-24091","post","type-post","status-publish","format-standard","has-post-thumbnail","hentry","category-opinion"],"jetpack_featured_media_url":"https:\/\/encuentroinformativo.com.mx\/wp-content\/uploads\/2020\/03\/F471F608-BA1A-416B-BA7B-BCFB24F4E6D0.jpeg","jetpack_sharing_enabled":true,"jetpack_likes_enabled":true,"amp_enabled":true,"_links":{"self":[{"href":"https:\/\/encuentroinformativo.com.mx\/index.php?rest_route=\/wp\/v2\/posts\/24091","targetHints":{"allow":["GET"]}}],"collection":[{"href":"https:\/\/encuentroinformativo.com.mx\/index.php?rest_route=\/wp\/v2\/posts"}],"about":[{"href":"https:\/\/encuentroinformativo.com.mx\/index.php?rest_route=\/wp\/v2\/types\/post"}],"author":[{"embeddable":true,"href":"https:\/\/encuentroinformativo.com.mx\/index.php?rest_route=\/wp\/v2\/users\/1"}],"replies":[{"embeddable":true,"href":"https:\/\/encuentroinformativo.com.mx\/index.php?rest_route=%2Fwp%2Fv2%2Fcomments&post=24091"}],"version-history":[{"count":1,"href":"https:\/\/encuentroinformativo.com.mx\/index.php?rest_route=\/wp\/v2\/posts\/24091\/revisions"}],"predecessor-version":[{"id":24092,"href":"https:\/\/encuentroinformativo.com.mx\/index.php?rest_route=\/wp\/v2\/posts\/24091\/revisions\/24092"}],"wp:featuredmedia":[{"embeddable":true,"href":"https:\/\/encuentroinformativo.com.mx\/index.php?rest_route=\/wp\/v2\/media\/488"}],"wp:attachment":[{"href":"https:\/\/encuentroinformativo.com.mx\/index.php?rest_route=%2Fwp%2Fv2%2Fmedia&parent=24091"}],"wp:term":[{"taxonomy":"category","embeddable":true,"href":"https:\/\/encuentroinformativo.com.mx\/index.php?rest_route=%2Fwp%2Fv2%2Fcategories&post=24091"},{"taxonomy":"post_tag","embeddable":true,"href":"https:\/\/encuentroinformativo.com.mx\/index.php?rest_route=%2Fwp%2Fv2%2Ftags&post=24091"}],"curies":[{"name":"wp","href":"https:\/\/api.w.org\/{rel}","templated":true}]}}