{"id":24093,"date":"2022-03-01T09:13:35","date_gmt":"2022-03-01T15:13:35","guid":{"rendered":"https:\/\/encuentroinformativo.com.mx\/?p=24093"},"modified":"2022-03-01T09:13:38","modified_gmt":"2022-03-01T15:13:38","slug":"ivan-y-santos-hasta-chumel","status":"publish","type":"post","link":"https:\/\/encuentroinformativo.com.mx\/?p=24093","title":{"rendered":"\u00a1Iv\u00e1n y Santos\u2026 hasta Chumel!"},"content":{"rendered":"\n<p><strong>Los Pol\u00edticos<\/strong><\/p>\n\n\n\n<p><strong>Salvador Mu\u00f1oz<\/strong><\/p>\n\n\n\n<p>Hace casi ya 30 a\u00f1os cuando lo conoc\u00ed\u2026 estaba igual que yo, flaco, escurrido, aunque \u00e9l se ve\u00eda m\u00e1s corrioso. En el peri\u00f3dico le dec\u00edan \u201cJanga Janga\u201d, que no recuerdo su significado y si est\u00e1 bien escrito as\u00ed, porque el Popoluca no es mi fuerte. Era un muchacho de sonrisa amable, muy educado, respetuoso, jam\u00e1s le escuch\u00e9 una altisonante y se encargaba de cubrir la informaci\u00f3n que hab\u00eda en Sayula de Alem\u00e1n y alrededores\u2026 junto con Santos L\u00f3pez Celdo, Jos\u00e9 Luis Ortega Vidal, Rolando Guti\u00e9rrez, Carlos Delgado Carbajal y uno de apellido Dami\u00e1n cuyo nombre escapa a mi memoria, fuimos una camada de reporteros extremadamente chavos que empezamos en El Diario del Sur de Acayucan a hacer nuestros pininos en el quehacer period\u00edstico al lado de viejos lobos de mar como Carlos Guill\u00e9n Tapia.<\/p>\n\n\n\n<p>Hoy, Santos L\u00f3pez Celdo es responsabilizado por la alcaldesa de Sayula de Alem\u00e1n, Lorena S\u00e1nchez Vargas, por el homicidio de Octavio Acosta, su secretario particular. Incluso, se present\u00f3 la edil ante las autoridades correspondientes para presentar la denuncia\u2026<\/p>\n\n\n\n<p>A Iv\u00e1n Calder\u00f3n no tiene mucho que lo conozco\u2026 y fue en una rueda de prensa o evento del PRI, donde empezamos a platicar y encontrar puntos en com\u00fan. Un chavo alegre, propio de la zona tuxtleca de donde es, y de los j\u00f3venes columnistas que viene empujando muy fuerte al grado que ya emparej\u00f3 a muchos viejos lobos y a los m\u00e1s lerdos, ya nos rebas\u00f3.<\/p>\n\n\n\n<p>El fin de semana me encuentro que Iv\u00e1n Calder\u00f3n hab\u00eda sido \u201camenazado\u201d, \u201cnotificado\u201d, \u201cavisado\u201d, \u201camedrentado\u201d o como lo quieran llamar, de que ser\u00eda \u201cdenunciado\u201d por la se\u00f1ora Guillermina Alvarado tras los comentarios que hizo el periodista sobre los desmanes ocasionados por un grupo de personas, en Lerdo de Tejada.<\/p>\n\n\n\n<p>Hablamos pues, de dos comunicadores junto con dos personajes vinculados de un modo u otro, a Morena\u2026 una, alcaldesa por este partido; otra, vinculada a Eric Cisneros Burgos, Bola 8, secretario de Gobierno del partido en el poder.<\/p>\n\n\n\n<p>El poder pol\u00edtico contra la prensa no es algo nuevo\u2026 se ha vivido y sufrido sin importar siglas o colores\u2026 muchos que han sido atacados o perseguidos, la han librado como s\u00e9 que lo har\u00e1n Santos y Calder\u00f3n ante sus antagonistas\u2026 no conozco a la joven Lorena S\u00e1nchez pero su comportamiento habla mucho de ella y de lo que le espera a Sayula de Alem\u00e1n\u2026 por otro lado, la se\u00f1ora Guillermina se ha dado a conocer m\u00e1s por su conducta p\u00fablica que por su trayectoria pol\u00edtica.<\/p>\n\n\n\n<p>No s\u00e9 qui\u00e9n sea el encargado, pero en Morena debe haber alguien que regule ese comportamiento en sus huestes porque en verdad se est\u00e1n creyendo que son como el negro Tom\u00e1s: limpios y puros\u2026 aunque los integrantes de la Santa Inquisici\u00f3n pensaban lo mismo de s\u00ed.<\/p>\n\n\n\n<p>El caso de Chumel Torres, a quien preparan denuncia por violencia pol\u00edtica de G\u00e9nero por expresiones verbales contra la senadora Bertha Caraveo, es extraordinario\u2026 no dudo de la creatividad e ingenio del youtuber quien se le fue con todo a su paisana, la senadora Bertha Caraveo, senadora por Morena.<\/p>\n\n\n\n<p>Chumel en esta expresi\u00f3n, al parecer, justifica sus decires: \u201cSe supone que eres de Chihuahua\u2026 yo soy de Chihuahua y tus pendejadas no me representan\u201d. Y la completa con \u00e9sta: \u201ces m\u00e1s, usted no ama a M\u00e9xico, ama a L\u00f3pez Obrador!\u201d<\/p>\n\n\n\n<p>Creo que a muchos ciudadanos nos ha pasado lo mismo cuando escuchamos a un alcalde, diputado, gobernador o presidente decir algo que va en contra de nuestro sentir. Si ese ciudadano se le acerca a su representante y le reclama en ese tono (tus pendejadas no me representan), se podr\u00eda estar o no de acuerdo con \u00e9l\u2026 \u00bfy en su forma de expresarlo? \u00a1Igual! se podr\u00eda estar de acuerdo o no, porque quiz\u00e1s, para esa persona, sea el \u00fanico medio (con altisonantes) para hacerse entender. Ahora, \u00bfdecirle \u201cEst\u00fapida\u201d o \u201cTarada\u201d a un representante popular es un insulto o parte de la indignaci\u00f3n de un chihuahuense que est\u00e1 en desacuerdo con el papel de su representante? No soy de Chihuahua, pero despu\u00e9s de escuchar a Caraveo, comparto el sentir de Chumel, que no las expresiones o calificativos\u2026<\/p>\n\n\n\n<p>La comunicaci\u00f3n y la libertad de expresi\u00f3n creo que pueden caminar juntas, no s\u00e9 si unidas, de la mano, o paralelas, muy cerquita; el asunto es que a veces nos cuesta a muchos diferenciar una de otra\u2026 Ac\u00e1, pues, dejo tres casos y uno en especial, que nos podr\u00eda explicar mejor este binomio en el quehacer period\u00edstico en los d\u00edas de la Cuarta Transformaci\u00f3n.<\/p>\n\n\n\n<p><a>smcainito@gmail.com<\/a><\/p>\n","protected":false},"excerpt":{"rendered":"<p>Los Pol\u00edticos Salvador Mu\u00f1oz Hace casi ya 30 a\u00f1os cuando lo conoc\u00ed\u2026 estaba igual que yo, flaco, escurrido, aunque \u00e9l se ve\u00eda m\u00e1s corrioso. En el peri\u00f3dico le dec\u00edan \u201cJanga Janga\u201d, que no recuerdo su significado y si est\u00e1 bien escrito as\u00ed, porque el Popoluca no es mi fuerte. Era un muchacho de sonrisa amable, [&hellip;]<\/p>\n","protected":false},"author":1,"featured_media":387,"comment_status":"open","ping_status":"open","sticky":false,"template":"","format":"standard","meta":{"_jetpack_memberships_contains_paid_content":false,"footnotes":""},"categories":[11],"tags":[],"class_list":["post-24093","post","type-post","status-publish","format-standard","has-post-thumbnail","hentry","category-opinion"],"jetpack_featured_media_url":"https:\/\/encuentroinformativo.com.mx\/wp-content\/uploads\/2020\/03\/7CF8A22B-2764-47BE-8F7F-38FE9E5D6A2F.jpeg","jetpack_sharing_enabled":true,"jetpack_likes_enabled":true,"amp_enabled":true,"_links":{"self":[{"href":"https:\/\/encuentroinformativo.com.mx\/index.php?rest_route=\/wp\/v2\/posts\/24093","targetHints":{"allow":["GET"]}}],"collection":[{"href":"https:\/\/encuentroinformativo.com.mx\/index.php?rest_route=\/wp\/v2\/posts"}],"about":[{"href":"https:\/\/encuentroinformativo.com.mx\/index.php?rest_route=\/wp\/v2\/types\/post"}],"author":[{"embeddable":true,"href":"https:\/\/encuentroinformativo.com.mx\/index.php?rest_route=\/wp\/v2\/users\/1"}],"replies":[{"embeddable":true,"href":"https:\/\/encuentroinformativo.com.mx\/index.php?rest_route=%2Fwp%2Fv2%2Fcomments&post=24093"}],"version-history":[{"count":1,"href":"https:\/\/encuentroinformativo.com.mx\/index.php?rest_route=\/wp\/v2\/posts\/24093\/revisions"}],"predecessor-version":[{"id":24094,"href":"https:\/\/encuentroinformativo.com.mx\/index.php?rest_route=\/wp\/v2\/posts\/24093\/revisions\/24094"}],"wp:featuredmedia":[{"embeddable":true,"href":"https:\/\/encuentroinformativo.com.mx\/index.php?rest_route=\/wp\/v2\/media\/387"}],"wp:attachment":[{"href":"https:\/\/encuentroinformativo.com.mx\/index.php?rest_route=%2Fwp%2Fv2%2Fmedia&parent=24093"}],"wp:term":[{"taxonomy":"category","embeddable":true,"href":"https:\/\/encuentroinformativo.com.mx\/index.php?rest_route=%2Fwp%2Fv2%2Fcategories&post=24093"},{"taxonomy":"post_tag","embeddable":true,"href":"https:\/\/encuentroinformativo.com.mx\/index.php?rest_route=%2Fwp%2Fv2%2Ftags&post=24093"}],"curies":[{"name":"wp","href":"https:\/\/api.w.org\/{rel}","templated":true}]}}