{"id":24098,"date":"2022-03-01T12:27:58","date_gmt":"2022-03-01T18:27:58","guid":{"rendered":"https:\/\/encuentroinformativo.com.mx\/?p=24098"},"modified":"2022-03-01T12:28:02","modified_gmt":"2022-03-01T18:28:02","slug":"mantiene-rechazo-prd-a-nuevas-propuestas-de-ultrajes","status":"publish","type":"post","link":"https:\/\/encuentroinformativo.com.mx\/?p=24098","title":{"rendered":"Mantiene rechazo PRD a nuevas propuestas de ultrajes"},"content":{"rendered":"\n<p><strong>Dar\u00edo Pale <\/strong><\/p>\n\n\n\n<p>Xalapa, Ver.- El presidente del Comit\u00e9 Directivo Estatal (CDE), del Partido de la Revoluci\u00f3n Democr\u00e1tico (PRD), Sergio Cadena Mart\u00ednez  dio a conocer que continuar\u00e1n la lucha en contra del Gobernador del estado si \u00e9l insiste en la ley para mantener en prisi\u00f3n a quienes agredan a las autoridades.<\/p>\n\n\n\n<p>En conferencia de prensa dieron a conocer que debido a la advertencia del gobernador Cuitl\u00e1huac Garc\u00eda Jim\u00e9nez de que volver\u00e1 a enviar una iniciativa al Congreso local para sancionar con prisi\u00f3n preventiva oficiosa a quien agreda a alguna autoridad.<\/p>\n\n\n\n<p>Reconoci\u00f3 a la Suprema Corte de Justicia de la Naci\u00f3n que se refrenda como la instituci\u00f3n garante del respeto a la Constituci\u00f3n y a los derechos humanos de todas y todos, de igual forma refrend\u00f3 a la sociedad la obligaci\u00f3n como partido de salvaguardar los derechos y libertades en un \u00e1mbito de justicia y paz social.<\/p>\n\n\n\n<p>\u201cCuitl\u00e1huac Garc\u00eda, quien no hizo caso a la recomendaci\u00f3n de la Comisi\u00f3n Nacional de los Derechos Humanos y que manipul\u00f3 al poder legislativo local para dar un albazo a la Suprema Corte de Justicia de la Naci\u00f3n, hoy piensa que el m\u00e1ximo tribunal del pa\u00eds s\u00f3lo le enmend\u00f3 la plana y que bastar\u00e1 con ponerle otro nombre a su ley autoritaria para continuar con sus actos represivos. De ser as\u00ed lo volveremos a enfrentar\u201d, se\u00f1al\u00f3.<\/p>\n\n\n\n<p>Exigi\u00f3 al Mandatario que respete la ley y los derechos fundamentales de las y los veracruzanos, que se ponga a trabajar en serio, que de resultados en materia econ\u00f3mica, generaci\u00f3n de empleos, combate a la pobreza, mejorar la atenci\u00f3n m\u00e9dico o a apoyar a los sectores productivos del campo.<\/p>\n\n\n\n<p>\u201cRefrendamos ante la sociedad veracruzana nuestra obligaci\u00f3n de salvaguardar el Estado de derecho y las libertades en un \u00e1mbito de justicia y de paz social. Ante cualquier acechanza desde el poder p\u00fablico, agresi\u00f3n institucional o abuso de la ley, nuevamente actuaremos en defensa de la legalidad\u201d, coment\u00f3.<\/p>\n\n\n\n<p>En ese sentido, el l\u00edder estatal dijo que como partido representante de las y los veracruzanos exigen que se respete la ley y los derechos fundamentales de las y los veracruzanos.<\/p>\n\n\n\n<p>\u201cQue mejor se ponga a trabajar para dar resultados en materia econ\u00f3mica, generaci\u00f3n de empleos, combate a la pobreza, mejorar la atenci\u00f3n m\u00e9dica, rescatar la educaci\u00f3n de calidad o apoyar a los sectores productivos del campo, que son parte de las obligaciones de su investidura en las que no tiene resultados\u201d, coment\u00f3.<\/p>\n\n\n\n<p>Consider\u00f3 que es muy grave que el congreso legislativo, en las \u00faltimas dos legislaturas encabezadas por Morena, haya perdido prestigio, respeto y credibilidad en el entorno jur\u00eddico nacional.<\/p>\n\n\n\n<p>Coment\u00f3 que lo importante es que los veracruzanos se est\u00e1n dando cuenta del mal gobierno que hay, toda vez que este tipo de acciones se dan en pa\u00edses como Venezuela, donde todas las garant\u00edas individuales como la libertad de expresi\u00f3n, se usan para castigar a opositores.<\/p>\n\n\n\n<p>Record\u00f3 que debido a la reforma al delito promovida por el titular del Ejecutivo, el PRD &#8220;puso los primeros presos&#8221;, ello al referir todos los casos de sus correligionarios presos hasta el d\u00eda de hoy.<\/p>\n\n\n\n<p>&#8220;No vamos a parar hasta que el Gobernador entienda que no es due\u00f1o de este estado, que debe privilegiar la democracia por encima de sus intereses personales&#8221;, finaliz\u00f3.<\/p>\n","protected":false},"excerpt":{"rendered":"<p>Dar\u00edo Pale Xalapa, Ver.- El presidente del Comit\u00e9 Directivo Estatal (CDE), del Partido de la Revoluci\u00f3n Democr\u00e1tico (PRD), Sergio Cadena Mart\u00ednez dio a conocer que continuar\u00e1n la lucha en contra del Gobernador del estado si \u00e9l insiste en la ley para mantener en prisi\u00f3n a quienes agredan a las autoridades. En conferencia de prensa dieron [&hellip;]<\/p>\n","protected":false},"author":1,"featured_media":24099,"comment_status":"open","ping_status":"open","sticky":false,"template":"","format":"standard","meta":{"_jetpack_memberships_contains_paid_content":false,"footnotes":""},"categories":[2],"tags":[],"class_list":["post-24098","post","type-post","status-publish","format-standard","has-post-thumbnail","hentry","category-estado"],"jetpack_featured_media_url":"https:\/\/encuentroinformativo.com.mx\/wp-content\/uploads\/2022\/03\/18733D80-7FBB-487A-BECA-EDB7A7E5EE12.jpeg","jetpack_sharing_enabled":true,"jetpack_likes_enabled":true,"amp_enabled":true,"_links":{"self":[{"href":"https:\/\/encuentroinformativo.com.mx\/index.php?rest_route=\/wp\/v2\/posts\/24098","targetHints":{"allow":["GET"]}}],"collection":[{"href":"https:\/\/encuentroinformativo.com.mx\/index.php?rest_route=\/wp\/v2\/posts"}],"about":[{"href":"https:\/\/encuentroinformativo.com.mx\/index.php?rest_route=\/wp\/v2\/types\/post"}],"author":[{"embeddable":true,"href":"https:\/\/encuentroinformativo.com.mx\/index.php?rest_route=\/wp\/v2\/users\/1"}],"replies":[{"embeddable":true,"href":"https:\/\/encuentroinformativo.com.mx\/index.php?rest_route=%2Fwp%2Fv2%2Fcomments&post=24098"}],"version-history":[{"count":1,"href":"https:\/\/encuentroinformativo.com.mx\/index.php?rest_route=\/wp\/v2\/posts\/24098\/revisions"}],"predecessor-version":[{"id":24100,"href":"https:\/\/encuentroinformativo.com.mx\/index.php?rest_route=\/wp\/v2\/posts\/24098\/revisions\/24100"}],"wp:featuredmedia":[{"embeddable":true,"href":"https:\/\/encuentroinformativo.com.mx\/index.php?rest_route=\/wp\/v2\/media\/24099"}],"wp:attachment":[{"href":"https:\/\/encuentroinformativo.com.mx\/index.php?rest_route=%2Fwp%2Fv2%2Fmedia&parent=24098"}],"wp:term":[{"taxonomy":"category","embeddable":true,"href":"https:\/\/encuentroinformativo.com.mx\/index.php?rest_route=%2Fwp%2Fv2%2Fcategories&post=24098"},{"taxonomy":"post_tag","embeddable":true,"href":"https:\/\/encuentroinformativo.com.mx\/index.php?rest_route=%2Fwp%2Fv2%2Ftags&post=24098"}],"curies":[{"name":"wp","href":"https:\/\/api.w.org\/{rel}","templated":true}]}}