{"id":2411,"date":"2020-05-08T12:46:14","date_gmt":"2020-05-08T17:46:14","guid":{"rendered":"https:\/\/encuentroinformativo.com\/?p=2411"},"modified":"2020-05-08T12:46:16","modified_gmt":"2020-05-08T17:46:16","slug":"registra-coatepec-primer-deceso-por-coronavirus","status":"publish","type":"post","link":"https:\/\/encuentroinformativo.com.mx\/?p=2411","title":{"rendered":"Registra Coatepec primer deceso por Coronavirus"},"content":{"rendered":"\n<p><strong>Juan Arcos <\/strong><\/p>\n\n\n\n<p> Coatepec, Ver.- La Secretar\u00eda de Salud report\u00f3 la primera defunci\u00f3n por COVID-19 en el municipio de Coatepec.<\/p>\n\n\n\n<p>El Presidente Municipal de dicho lugar, Luis Enrique Fern\u00e1ndez Peredo, lament\u00f3 esta situaci\u00f3n y que se hayan elevado los casos confirmados de coronavirus en el Pueblo M\u00e1gico.<\/p>\n\n\n\n<p>\u201cEs lamentable que los casos confirmados se hayan elevado y que el virus cobre su primera vida en Coatepec, hoy m\u00e1s que nunca debemos redoblar esfuerzos y acatar las medidas preventivas que como Ayuntamiento hemos dispuesto\u201d, se lee en las cuentas oficiales del Alcalde.<\/p>\n\n\n\n<p>Fuentes oficiales revelan que en Coatepec hay tres casos confirmados de coronavirus y ninguno en investigaci\u00f3n.<\/p>\n\n\n\n<p>El edil recuerda que la misma Secretar\u00eda de Salud estima que por cada caso confirmado podr\u00edan existir de ocho a 10 casos m\u00e1s sin detectar.<\/p>\n\n\n\n<p>\u201cOficialmente nos encontramos en la #Fase3, donde el n\u00famero de contagios se multiplicar\u00e1 exponencialmente y estos d\u00edas son determinantes para aplanar la curva de contagios, es por eso que debemos de seguir las medidas preventivas #Qu\u00e9dateEnCasa, solo as\u00ed lo lograremos\u201d, enfatiza Hern\u00e1ndez Peredo.<\/p>\n\n\n\n<p>Cabe destacar que, de acuerdo con lo determinado por el Gobierno del Estado, se impondr\u00e1 un cerco sanitario y se restringir\u00e1 el acceso peatonal y vehicular en calles del centro de Coatepec, del 8 al 10 de mayo.<\/p>\n\n\n\n<p>Las calles cerradas son: Juan Soto esquina Santos Degollado, Arteaga esquina Juan Soto, Miguel Rebolledo esquina\u00a0<a href=\"https:\/\/www.google.com\/maps\/search\/Hern%C3%A1ndez+y++Hern%C3%A1ndez,+5?entry=gmail&amp;source=g\">Hern\u00e1ndez y Hern\u00e1ndez, 5<\/a>\u00a0de Mayo esquina Hern\u00e1ndez y Hern\u00e1ndez, Aldama esquina Cuauht\u00e9moc y Morelos esquina Santos Degollado.<\/p>\n\n\n\n<p>Adem\u00e1s, tambi\u00e9n es aplicada la ley seca en el Pueblo M\u00e1gico, durante dicho periodo.<\/p>\n\n\n\n<p><\/p>\n","protected":false},"excerpt":{"rendered":"<p>Juan Arcos Coatepec, Ver.- La Secretar\u00eda de Salud report\u00f3 la primera defunci\u00f3n por COVID-19 en el municipio de Coatepec. El Presidente Municipal de dicho lugar, Luis Enrique Fern\u00e1ndez Peredo, lament\u00f3 esta situaci\u00f3n y que se hayan elevado los casos confirmados de coronavirus en el Pueblo M\u00e1gico. \u201cEs lamentable que los casos confirmados se hayan elevado [&hellip;]<\/p>\n","protected":false},"author":1,"featured_media":2412,"comment_status":"open","ping_status":"open","sticky":false,"template":"","format":"standard","meta":{"_jetpack_memberships_contains_paid_content":false,"footnotes":""},"categories":[8],"tags":[],"class_list":["post-2411","post","type-post","status-publish","format-standard","has-post-thumbnail","hentry","category-region"],"jetpack_featured_media_url":"https:\/\/encuentroinformativo.com.mx\/wp-content\/uploads\/2020\/05\/72B794B1-92C6-4236-A052-406C13A8AD7D.jpeg","jetpack_sharing_enabled":true,"jetpack_likes_enabled":true,"amp_enabled":true,"_links":{"self":[{"href":"https:\/\/encuentroinformativo.com.mx\/index.php?rest_route=\/wp\/v2\/posts\/2411","targetHints":{"allow":["GET"]}}],"collection":[{"href":"https:\/\/encuentroinformativo.com.mx\/index.php?rest_route=\/wp\/v2\/posts"}],"about":[{"href":"https:\/\/encuentroinformativo.com.mx\/index.php?rest_route=\/wp\/v2\/types\/post"}],"author":[{"embeddable":true,"href":"https:\/\/encuentroinformativo.com.mx\/index.php?rest_route=\/wp\/v2\/users\/1"}],"replies":[{"embeddable":true,"href":"https:\/\/encuentroinformativo.com.mx\/index.php?rest_route=%2Fwp%2Fv2%2Fcomments&post=2411"}],"version-history":[{"count":1,"href":"https:\/\/encuentroinformativo.com.mx\/index.php?rest_route=\/wp\/v2\/posts\/2411\/revisions"}],"predecessor-version":[{"id":2413,"href":"https:\/\/encuentroinformativo.com.mx\/index.php?rest_route=\/wp\/v2\/posts\/2411\/revisions\/2413"}],"wp:featuredmedia":[{"embeddable":true,"href":"https:\/\/encuentroinformativo.com.mx\/index.php?rest_route=\/wp\/v2\/media\/2412"}],"wp:attachment":[{"href":"https:\/\/encuentroinformativo.com.mx\/index.php?rest_route=%2Fwp%2Fv2%2Fmedia&parent=2411"}],"wp:term":[{"taxonomy":"category","embeddable":true,"href":"https:\/\/encuentroinformativo.com.mx\/index.php?rest_route=%2Fwp%2Fv2%2Fcategories&post=2411"},{"taxonomy":"post_tag","embeddable":true,"href":"https:\/\/encuentroinformativo.com.mx\/index.php?rest_route=%2Fwp%2Fv2%2Ftags&post=2411"}],"curies":[{"name":"wp","href":"https:\/\/api.w.org\/{rel}","templated":true}]}}