{"id":24113,"date":"2022-03-01T13:35:57","date_gmt":"2022-03-01T19:35:57","guid":{"rendered":"https:\/\/encuentroinformativo.com.mx\/?p=24113"},"modified":"2022-03-01T13:36:01","modified_gmt":"2022-03-01T19:36:01","slug":"pt-pondra-atencion-a-nueva-iniciativa-del-gobernador","status":"publish","type":"post","link":"https:\/\/encuentroinformativo.com.mx\/?p=24113","title":{"rendered":"PT pondr\u00e1 atenci\u00f3n a nueva iniciativa del Gobernador"},"content":{"rendered":"\n<p><strong>Dar\u00edo Pale <\/strong><\/p>\n\n\n\n<p>Xalapa, Ver.- El Coordinador de la Comisi\u00f3n Ejecutiva Estatal del Partido del Trabajo (PT), Vicente Aguilar Aguilar dio a conocer que estar\u00e1n atentos de la nueva iniciativa de ley que presente el Gobernador.<\/p>\n\n\n\n<p>En conferencia de prensa se\u00f1al\u00f3 que su partido se congratul\u00f3 por la determinaci\u00f3n que emiti\u00f3 la Suprema Corte de Justicia de la Naci\u00f3n, al declarar inconstitucional el delito de ultrajes a la autoridad.<\/p>\n\n\n\n<p>Incluso precis\u00f3 que su partido en voz del diputado solicit\u00f3 la derogaci\u00f3n del art\u00edculo 331 del c\u00f3digo penal de Veracruz, \u201ctuvo \u00e9xito en la m\u00e1xima casa de justicia. La Suprema Corte hizo su determinaci\u00f3n y se debe de acatar, porque estaba en la misma v\u00eda la comisi\u00f3n Nacional de Derechos Humanos\u201d.<\/p>\n\n\n\n<p>Resalt\u00f3 que es v\u00e1lido que el gobernador emita otra propuesta, sin embargo estar\u00e1n atentos y en su momento revisar\u00e1n y analizar\u00e1n en qu\u00e9 sentido va la nueva iniciativa de ley.<\/p>\n\n\n\n<p>\u201cHay que esperar como viene la propuesta del gobernador y esperamos que venga acorde a lo expresado por los derechos humanos\u201d, se\u00f1al\u00f3.<\/p>\n\n\n\n<p>En otro orden de ideas, mencion\u00f3 que respecto a la declaraci\u00f3n que hecha por la alcaldesa de Sayula de Alem\u00e1n al se\u00f1alar a un reportero como culpable del asesinato de su Secretario Particular, dijo que no ha dialogado con ella sobre ese tema.<\/p>\n\n\n\n<p>\u201cSuponiendo que hizo esos comentarios, creo que lo hizo al calor de un asesinato de una gente tan cercana, d\u00e9jenme decirles que ella antes de ser candidata, estuvo amenazada, asesinaron a su esposo, era perseguida, tuvo que tener vigilancia de la autoridad federal, y esa se\u00f1al es muy peligrosa, imag\u00ednate que te maten a tu secretario privado, yo creo que al calor de ese dolor se\u00f1ale, hay que ver c\u00f3mo lo dijo\u201d, coment\u00f3.<\/p>\n\n\n\n<p>Finalmente destac\u00f3 que una autoridad pol\u00edtica administrativa no es un Fiscal, pues ese tipo de temas le compete a la Fiscal\u00eda, y reiter\u00f3 que la declaraci\u00f3n fue realizada al calor de los hechos al tratarse de alguien muy cercano a la alcaldesa.<\/p>\n","protected":false},"excerpt":{"rendered":"<p>Dar\u00edo Pale Xalapa, Ver.- El Coordinador de la Comisi\u00f3n Ejecutiva Estatal del Partido del Trabajo (PT), Vicente Aguilar Aguilar dio a conocer que estar\u00e1n atentos de la nueva iniciativa de ley que presente el Gobernador. En conferencia de prensa se\u00f1al\u00f3 que su partido se congratul\u00f3 por la determinaci\u00f3n que emiti\u00f3 la Suprema Corte de Justicia [&hellip;]<\/p>\n","protected":false},"author":1,"featured_media":24114,"comment_status":"open","ping_status":"open","sticky":false,"template":"","format":"standard","meta":{"_jetpack_memberships_contains_paid_content":false,"footnotes":""},"categories":[2],"tags":[],"class_list":["post-24113","post","type-post","status-publish","format-standard","has-post-thumbnail","hentry","category-estado"],"jetpack_featured_media_url":"https:\/\/encuentroinformativo.com.mx\/wp-content\/uploads\/2022\/03\/E2994EF8-62F1-46DB-B2C0-FC66A97B84AD.jpeg","jetpack_sharing_enabled":true,"jetpack_likes_enabled":true,"amp_enabled":true,"_links":{"self":[{"href":"https:\/\/encuentroinformativo.com.mx\/index.php?rest_route=\/wp\/v2\/posts\/24113","targetHints":{"allow":["GET"]}}],"collection":[{"href":"https:\/\/encuentroinformativo.com.mx\/index.php?rest_route=\/wp\/v2\/posts"}],"about":[{"href":"https:\/\/encuentroinformativo.com.mx\/index.php?rest_route=\/wp\/v2\/types\/post"}],"author":[{"embeddable":true,"href":"https:\/\/encuentroinformativo.com.mx\/index.php?rest_route=\/wp\/v2\/users\/1"}],"replies":[{"embeddable":true,"href":"https:\/\/encuentroinformativo.com.mx\/index.php?rest_route=%2Fwp%2Fv2%2Fcomments&post=24113"}],"version-history":[{"count":1,"href":"https:\/\/encuentroinformativo.com.mx\/index.php?rest_route=\/wp\/v2\/posts\/24113\/revisions"}],"predecessor-version":[{"id":24115,"href":"https:\/\/encuentroinformativo.com.mx\/index.php?rest_route=\/wp\/v2\/posts\/24113\/revisions\/24115"}],"wp:featuredmedia":[{"embeddable":true,"href":"https:\/\/encuentroinformativo.com.mx\/index.php?rest_route=\/wp\/v2\/media\/24114"}],"wp:attachment":[{"href":"https:\/\/encuentroinformativo.com.mx\/index.php?rest_route=%2Fwp%2Fv2%2Fmedia&parent=24113"}],"wp:term":[{"taxonomy":"category","embeddable":true,"href":"https:\/\/encuentroinformativo.com.mx\/index.php?rest_route=%2Fwp%2Fv2%2Fcategories&post=24113"},{"taxonomy":"post_tag","embeddable":true,"href":"https:\/\/encuentroinformativo.com.mx\/index.php?rest_route=%2Fwp%2Fv2%2Ftags&post=24113"}],"curies":[{"name":"wp","href":"https:\/\/api.w.org\/{rel}","templated":true}]}}