{"id":24128,"date":"2022-03-01T15:19:08","date_gmt":"2022-03-01T21:19:08","guid":{"rendered":"https:\/\/encuentroinformativo.com.mx\/?p=24128"},"modified":"2022-03-01T15:19:12","modified_gmt":"2022-03-01T21:19:12","slug":"realizan-rifa-en-apoyo-a-bombero-de-alvarado","status":"publish","type":"post","link":"https:\/\/encuentroinformativo.com.mx\/?p=24128","title":{"rendered":"Realizan rifa en apoyo a bombero de Alvarado"},"content":{"rendered":"\n<p><strong>Alejandro \u00c1vila<\/strong><\/p>\n\n\n\n<p>Alvarado, Ver.- Ciudadanos de Alvarado realizaron una rifa en apoyo de Pedro Mar\u00edn, bombero qui\u00e9n la tarde de este martes sufri\u00f3 quemaduras de primero y segundo grado, tras dar atenci\u00f3n a un siniestro en los Astilleros municipales.<\/p>\n\n\n\n<p>La tarde de este martes se dio a conocer la situaci\u00f3n de Pedro Mar\u00edn, recordando que, el Cuerpo de Bomberos Municipal no cuenta con un sueldo base, seguro m\u00e9dico y su equipo para combatir los siniestros, es de uso.<\/p>\n\n\n\n<p>Es de mencionar que, la ma\u00f1ana de este martes el Cuerpo de Bomberos recibi\u00f3 un reporte de un incendio en El Astillero Alvarado; mismo del cual se conoce, es due\u00f1a la alcaldesa, Lizette \u00c1lvarez Vera, y el cual renta a una empresa privada.<\/p>\n\n\n\n<p>&#8220;Tuvimos un incendio de una embarcaci\u00f3n en deschatarrizaci\u00f3n, el cual la est\u00e1n desmantelando, tuvimos por ah\u00ed, desafortunadamente, un elemento accidentado con quemaduras de primer grado, por una explosi\u00f3n que se dej\u00f3 venir por la acumulaci\u00f3n de residuos grasos&#8221;, relat\u00f3 Antonio Tiburcio, Segundo Comandante de Bomberos.<\/p>\n\n\n\n<p>Ante esta situaci\u00f3n, la ciudadan\u00eda se volc\u00f3 el apoyo del elemento lesionado, buscando recursos para cubrir los gastos m\u00e9dicos qu\u00e9 se vendr\u00e1n durante las siguientes semanas.<\/p>\n\n\n\n<p>&#8220;Al bombero afectado lo estamos apoyando en lo que podemos, ya que al no tener afiliaci\u00f3n social, IMSS o ISSSTE, no tiene las posibilidades de acudir a una cl\u00ednica o recuperarse (\u2026) a pesar de que no contamos con el apoyo de nada, a\u00fan as\u00ed seguimos brindando el auxilio la ciudadan\u00eda, pero ahora s\u00ed que, las consecuencias de no est\u00e1s, un bombero quemado, son gajes del oficio, pero es la situaci\u00f3n al no tener afiliaci\u00f3n social o un seguro que nos respalde&#8221;, remat\u00f3.<\/p>\n","protected":false},"excerpt":{"rendered":"<p>Alejandro \u00c1vila Alvarado, Ver.- Ciudadanos de Alvarado realizaron una rifa en apoyo de Pedro Mar\u00edn, bombero qui\u00e9n la tarde de este martes sufri\u00f3 quemaduras de primero y segundo grado, tras dar atenci\u00f3n a un siniestro en los Astilleros municipales. La tarde de este martes se dio a conocer la situaci\u00f3n de Pedro Mar\u00edn, recordando que, [&hellip;]<\/p>\n","protected":false},"author":1,"featured_media":24129,"comment_status":"open","ping_status":"open","sticky":false,"template":"","format":"standard","meta":{"_jetpack_memberships_contains_paid_content":false,"footnotes":""},"categories":[2],"tags":[],"class_list":["post-24128","post","type-post","status-publish","format-standard","has-post-thumbnail","hentry","category-estado"],"jetpack_featured_media_url":"https:\/\/encuentroinformativo.com.mx\/wp-content\/uploads\/2022\/03\/F90FC33A-7DF9-4071-877D-20CEF4345157.jpeg","jetpack_sharing_enabled":true,"jetpack_likes_enabled":true,"amp_enabled":true,"_links":{"self":[{"href":"https:\/\/encuentroinformativo.com.mx\/index.php?rest_route=\/wp\/v2\/posts\/24128","targetHints":{"allow":["GET"]}}],"collection":[{"href":"https:\/\/encuentroinformativo.com.mx\/index.php?rest_route=\/wp\/v2\/posts"}],"about":[{"href":"https:\/\/encuentroinformativo.com.mx\/index.php?rest_route=\/wp\/v2\/types\/post"}],"author":[{"embeddable":true,"href":"https:\/\/encuentroinformativo.com.mx\/index.php?rest_route=\/wp\/v2\/users\/1"}],"replies":[{"embeddable":true,"href":"https:\/\/encuentroinformativo.com.mx\/index.php?rest_route=%2Fwp%2Fv2%2Fcomments&post=24128"}],"version-history":[{"count":1,"href":"https:\/\/encuentroinformativo.com.mx\/index.php?rest_route=\/wp\/v2\/posts\/24128\/revisions"}],"predecessor-version":[{"id":24130,"href":"https:\/\/encuentroinformativo.com.mx\/index.php?rest_route=\/wp\/v2\/posts\/24128\/revisions\/24130"}],"wp:featuredmedia":[{"embeddable":true,"href":"https:\/\/encuentroinformativo.com.mx\/index.php?rest_route=\/wp\/v2\/media\/24129"}],"wp:attachment":[{"href":"https:\/\/encuentroinformativo.com.mx\/index.php?rest_route=%2Fwp%2Fv2%2Fmedia&parent=24128"}],"wp:term":[{"taxonomy":"category","embeddable":true,"href":"https:\/\/encuentroinformativo.com.mx\/index.php?rest_route=%2Fwp%2Fv2%2Fcategories&post=24128"},{"taxonomy":"post_tag","embeddable":true,"href":"https:\/\/encuentroinformativo.com.mx\/index.php?rest_route=%2Fwp%2Fv2%2Ftags&post=24128"}],"curies":[{"name":"wp","href":"https:\/\/api.w.org\/{rel}","templated":true}]}}