{"id":2414,"date":"2020-05-08T12:55:49","date_gmt":"2020-05-08T17:55:49","guid":{"rendered":"https:\/\/encuentroinformativo.com\/?p=2414"},"modified":"2020-05-08T12:55:51","modified_gmt":"2020-05-08T17:55:51","slug":"por-pandemia-colectivos-pospondran-marcha-de-10-de-mayo","status":"publish","type":"post","link":"https:\/\/encuentroinformativo.com.mx\/?p=2414","title":{"rendered":"Por pandemia, Colectivos pospondr\u00e1n marcha de 10 de Mayo"},"content":{"rendered":"\n<p><strong>Juan Arcos<\/strong><\/p>\n\n\n\n<p>Xalapa, Ver.- Madres de desaparecidos no marchar\u00e1n este 10 de mayo por la pandemia del coronavirus.<\/p>\n\n\n\n<p>De acuerdo con Mar\u00eda Elena Guti\u00e9rrez, integrante del Colectivo Buscando a nuestros desaparecidos y desaparecidas Veracruz, las familias no dejar\u00e1n de levantar la voz para exigir la aparici\u00f3n con vida de sus seres queridos.<\/p>\n\n\n\n<p>\u201cNo vamos a hacer la marcha, la vamos a proponer hasta que se levante la contingencia y ya se pueda salir, entonces s\u00ed marchar\u00edamos\u201d.<\/p>\n\n\n\n<p>Por tal motivo, se llevar\u00e1 a cabo un memorial en Plaza Sebasti\u00e1n Lerdo de Tejada, a las 10:00 horas del pr\u00f3ximo domingo.<\/p>\n\n\n\n<p>\u201cNo vamos a hacer la marcha, la vamos a proponer hasta que se levante la contingencia y ya se pueda salir, entonces s\u00ed marchar\u00edamos\u201d.<\/p>\n\n\n\n<p>Las mujeres que protestan por la ausencia de sus hijos se concentrar\u00e1n en la plaza p\u00fablica, frente a Palacio de Gobierno, donde ser\u00e1n colocadas fotograf\u00edas, lonas y pancartas.<\/p>\n\n\n\n<p>Se busca lanzar mensajes al gobierno para que la Fiscal\u00eda General del Estado (FGE) d\u00e9 resultados a las investigaciones por cada caso de desaparici\u00f3n.<\/p>\n\n\n\n<p>Cabe recordar que Mar\u00eda Elena Guti\u00e9rrez es madre de Rafael Espinoza Guti\u00e9rrez, quien desapareci\u00f3 en 2013.<\/p>\n","protected":false},"excerpt":{"rendered":"<p>Juan Arcos Xalapa, Ver.- Madres de desaparecidos no marchar\u00e1n este 10 de mayo por la pandemia del coronavirus. De acuerdo con Mar\u00eda Elena Guti\u00e9rrez, integrante del Colectivo Buscando a nuestros desaparecidos y desaparecidas Veracruz, las familias no dejar\u00e1n de levantar la voz para exigir la aparici\u00f3n con vida de sus seres queridos. \u201cNo vamos a [&hellip;]<\/p>\n","protected":false},"author":1,"featured_media":2415,"comment_status":"open","ping_status":"open","sticky":false,"template":"","format":"standard","meta":{"_jetpack_memberships_contains_paid_content":false,"footnotes":""},"categories":[2],"tags":[],"class_list":["post-2414","post","type-post","status-publish","format-standard","has-post-thumbnail","hentry","category-estado"],"jetpack_featured_media_url":"https:\/\/encuentroinformativo.com.mx\/wp-content\/uploads\/2020\/05\/BAB4D1D6-F7EF-4A52-B0A8-A5A7250A2631.jpeg","jetpack_sharing_enabled":true,"jetpack_likes_enabled":true,"amp_enabled":true,"_links":{"self":[{"href":"https:\/\/encuentroinformativo.com.mx\/index.php?rest_route=\/wp\/v2\/posts\/2414","targetHints":{"allow":["GET"]}}],"collection":[{"href":"https:\/\/encuentroinformativo.com.mx\/index.php?rest_route=\/wp\/v2\/posts"}],"about":[{"href":"https:\/\/encuentroinformativo.com.mx\/index.php?rest_route=\/wp\/v2\/types\/post"}],"author":[{"embeddable":true,"href":"https:\/\/encuentroinformativo.com.mx\/index.php?rest_route=\/wp\/v2\/users\/1"}],"replies":[{"embeddable":true,"href":"https:\/\/encuentroinformativo.com.mx\/index.php?rest_route=%2Fwp%2Fv2%2Fcomments&post=2414"}],"version-history":[{"count":1,"href":"https:\/\/encuentroinformativo.com.mx\/index.php?rest_route=\/wp\/v2\/posts\/2414\/revisions"}],"predecessor-version":[{"id":2416,"href":"https:\/\/encuentroinformativo.com.mx\/index.php?rest_route=\/wp\/v2\/posts\/2414\/revisions\/2416"}],"wp:featuredmedia":[{"embeddable":true,"href":"https:\/\/encuentroinformativo.com.mx\/index.php?rest_route=\/wp\/v2\/media\/2415"}],"wp:attachment":[{"href":"https:\/\/encuentroinformativo.com.mx\/index.php?rest_route=%2Fwp%2Fv2%2Fmedia&parent=2414"}],"wp:term":[{"taxonomy":"category","embeddable":true,"href":"https:\/\/encuentroinformativo.com.mx\/index.php?rest_route=%2Fwp%2Fv2%2Fcategories&post=2414"},{"taxonomy":"post_tag","embeddable":true,"href":"https:\/\/encuentroinformativo.com.mx\/index.php?rest_route=%2Fwp%2Fv2%2Ftags&post=2414"}],"curies":[{"name":"wp","href":"https:\/\/api.w.org\/{rel}","templated":true}]}}