{"id":24143,"date":"2022-03-02T09:02:26","date_gmt":"2022-03-02T15:02:26","guid":{"rendered":"https:\/\/encuentroinformativo.com.mx\/?p=24143"},"modified":"2022-03-02T09:02:29","modified_gmt":"2022-03-02T15:02:29","slug":"festival-de-velas-podria-dejar-importante-derrama-economica-cometur","status":"publish","type":"post","link":"https:\/\/encuentroinformativo.com.mx\/?p=24143","title":{"rendered":"Festival de Velas podr\u00eda dejar importante derrama econ\u00f3mica: COMETUR"},"content":{"rendered":"\n<p><strong>Alejandro \u00c1vila<\/strong><\/p>\n\n\n\n<p>Veracruz, Ver.- La derrama econ\u00f3mica que se podr\u00eda obtener tras el anuncio del Festival de Velas y el Carnaval de Veracruz en semanas consecutivas podr\u00eda ser importante, toda vez que se vislumbra una ocupaci\u00f3n hotelera superior al 70 por ciento, mencion\u00f3 el presidente del Consejo Metropolitano de Turismo (COMETUR), Sergio Lois Heredia.<\/p>\n\n\n\n<p>En su \u00faltima edici\u00f3n, hace 4 a\u00f1os, dijo que el Festival de Velas sorprendi\u00f3 a los prestadores de servicios tur\u00edsticos, ya que hubo llenos en hoteles y restaurantes durante una semana.<\/p>\n\n\n\n<p>&#8220;Pr\u00e1cticamente nos llenamos, la plaza se llen\u00f3 una semana hace 4 a\u00f1os, no lo esper\u00e1bamos, la realidad que sab\u00edamos que iba a traer algo de flujo, algo de personas, pero no esper\u00e1bamos que llegara a la plaza durante una semana&#8221;, mencion\u00f3 el empresario.<\/p>\n\n\n\n<p>Lois Heredia dijo que, las fechas d\u00f3nde fueron colocados ambos eventos ser\u00e1n beneficiosas para los prestadores de servicios tur\u00edsticos, puesto que normalmente son temporadas bajas.<\/p>\n\n\n\n<p>&#8220;La \u00faltima semana de junio, qu\u00e9 es una temporada baja, podr\u00edamos estar viendo un respiro muy interesante entre lo que es la Semana Santa y la temporada alta de verano, pues esa semana puede ser muy buena, aunado a qu\u00e9, si se hace una labor importante de promoci\u00f3n del Carnaval, qu\u00e9 ahora va a ser la primer semana de julio, podr\u00edamos estar teniendo una buena semana, seguido de un muy buen fin de semana, lo que ser\u00eda el primer fin de semana de julio, que usualmente todav\u00eda es un fin de semana bajo&#8221;, subray\u00f3.<\/p>\n","protected":false},"excerpt":{"rendered":"<p>Alejandro \u00c1vila Veracruz, Ver.- La derrama econ\u00f3mica que se podr\u00eda obtener tras el anuncio del Festival de Velas y el Carnaval de Veracruz en semanas consecutivas podr\u00eda ser importante, toda vez que se vislumbra una ocupaci\u00f3n hotelera superior al 70 por ciento, mencion\u00f3 el presidente del Consejo Metropolitano de Turismo (COMETUR), Sergio Lois Heredia. En [&hellip;]<\/p>\n","protected":false},"author":1,"featured_media":24144,"comment_status":"open","ping_status":"open","sticky":false,"template":"","format":"standard","meta":{"_jetpack_memberships_contains_paid_content":false,"footnotes":""},"categories":[2],"tags":[],"class_list":["post-24143","post","type-post","status-publish","format-standard","has-post-thumbnail","hentry","category-estado"],"jetpack_featured_media_url":"https:\/\/encuentroinformativo.com.mx\/wp-content\/uploads\/2022\/03\/5ACE74F0-725A-4797-976E-C615AB927C6A.jpeg","jetpack_sharing_enabled":true,"jetpack_likes_enabled":true,"amp_enabled":true,"_links":{"self":[{"href":"https:\/\/encuentroinformativo.com.mx\/index.php?rest_route=\/wp\/v2\/posts\/24143","targetHints":{"allow":["GET"]}}],"collection":[{"href":"https:\/\/encuentroinformativo.com.mx\/index.php?rest_route=\/wp\/v2\/posts"}],"about":[{"href":"https:\/\/encuentroinformativo.com.mx\/index.php?rest_route=\/wp\/v2\/types\/post"}],"author":[{"embeddable":true,"href":"https:\/\/encuentroinformativo.com.mx\/index.php?rest_route=\/wp\/v2\/users\/1"}],"replies":[{"embeddable":true,"href":"https:\/\/encuentroinformativo.com.mx\/index.php?rest_route=%2Fwp%2Fv2%2Fcomments&post=24143"}],"version-history":[{"count":1,"href":"https:\/\/encuentroinformativo.com.mx\/index.php?rest_route=\/wp\/v2\/posts\/24143\/revisions"}],"predecessor-version":[{"id":24145,"href":"https:\/\/encuentroinformativo.com.mx\/index.php?rest_route=\/wp\/v2\/posts\/24143\/revisions\/24145"}],"wp:featuredmedia":[{"embeddable":true,"href":"https:\/\/encuentroinformativo.com.mx\/index.php?rest_route=\/wp\/v2\/media\/24144"}],"wp:attachment":[{"href":"https:\/\/encuentroinformativo.com.mx\/index.php?rest_route=%2Fwp%2Fv2%2Fmedia&parent=24143"}],"wp:term":[{"taxonomy":"category","embeddable":true,"href":"https:\/\/encuentroinformativo.com.mx\/index.php?rest_route=%2Fwp%2Fv2%2Fcategories&post=24143"},{"taxonomy":"post_tag","embeddable":true,"href":"https:\/\/encuentroinformativo.com.mx\/index.php?rest_route=%2Fwp%2Fv2%2Ftags&post=24143"}],"curies":[{"name":"wp","href":"https:\/\/api.w.org\/{rel}","templated":true}]}}