{"id":24146,"date":"2022-03-02T09:07:22","date_gmt":"2022-03-02T15:07:22","guid":{"rendered":"https:\/\/encuentroinformativo.com.mx\/?p=24146"},"modified":"2022-03-02T09:07:24","modified_gmt":"2022-03-02T15:07:24","slug":"cuic-el-bueno","status":"publish","type":"post","link":"https:\/\/encuentroinformativo.com.mx\/?p=24146","title":{"rendered":"Cuic, el bueno\u2026"},"content":{"rendered":"\n<p><strong>Los Pol\u00edticos<\/strong><\/p>\n\n\n\n<p><strong>Salvador Mu\u00f1oz<\/strong><\/p>\n\n\n\n<p>Pensemos, como dicen muchos de sus bien querientes, que en Cuitl\u00e1huac hay un hombre bueno, de buenas intenciones, aun en esos desplantes contra la Comisi\u00f3n Nacional de Derechos Humanos as\u00ed como en sus pretensiones de mandar otra iniciativa que \u201cproteja\u201d a sus Polic\u00edas a pesar de que la Suprema Corte de Justicia de la Naci\u00f3n ya le dijo que \u201cUltrajes a la Autoridad\u201d atenta contra los ciudadanos.<\/p>\n\n\n\n<p>Pensemos tambi\u00e9n que tenemos a un Ingeniero y no a un Docto en Leyes, quien busca en su dimensi\u00f3n neuronal, una respuesta o soluci\u00f3n pr\u00e1ctica&nbsp; a un problema\u2026 haciendo otro, pero con buena intenci\u00f3n\u2026<\/p>\n\n\n\n<p>Pensemos tambi\u00e9n que tenemos un Gobernador por democracia, porque as\u00ed lo estipula la Ley: gana el que m\u00e1s votos tiene, no el m\u00e1s inteligente, no el m\u00e1s preparado, no el m\u00e1s joven ni tampoco el m\u00e1s viejo, y hay que aguantar\u2026 pero no callarse.<\/p>\n\n\n\n<p>Pensemos que es cierto que no hay en Palacio de Gobierno ning\u00fan maldito instructivo \u201cPara ser Gobernador\u201d&#8230; pero para \u201cParecer\u201d, nom\u00e1s que te cambien peinado, tu \u201coutfit\u201d, te pares en un podium y hables, bien siguiendo un script o deleit\u00e1ndonos con una serie de sandeces\u2026<\/p>\n\n\n\n<p>Pensemos que puede contratar asesores, no s\u00f3lo en moda, sino en Leyes, que sean capaces de decir que ellos no ven el traje invisible con el que se viste todos los d\u00edas\u2026<\/p>\n\n\n\n<p>Pensemos pues que de buenas intenciones, no se protege al Polic\u00eda cuando debiera entender que al hacerlo, ha invertido el papel primario por el que la masa, la democracia, el elector, la esperanza, lo eligi\u00f3 como Gobernador: su deber es con la sociedad.<\/p>\n\n\n\n<p>\u00bfQuiere proteger al Polic\u00eda? \u00a1Bien! Creo que ning\u00fan uniformado o ciudadano se ofender\u00e1 por eso, pero \u00bfqu\u00e9 creen? Ya hay leyes que protegen al Polic\u00eda\u2026 incluso, contra armas de fuego\u2026<\/p>\n\n\n\n<p>Si quiere protegerlo contra la delincuencia, hay que darle m\u00e1s armas, m\u00e1s equipo, mejores unidades\u2026 no espere del Crimen Organizado atenci\u00f3n y respeto para con el Polic\u00eda\u2026 no los habr\u00e1\u2026 digo, si un C\u00e1rtel se siente ofendido por no gozar de las mismas bondades que otorga a otro C\u00e1rtel el secretario de Gobierno (as\u00ed le mandaron el mensaje) pues no le van a mandar flores a Seguridad P\u00fablica, \u00bfverdad?<\/p>\n\n\n\n<p>Si quiere respeto al Polic\u00eda, debe de acatar primero lo que la CNDH le pide\u2026 de paso, hasta se ganar\u00eda respeto\u2026<\/p>\n\n\n\n<p>La figura del polic\u00eda, as\u00ed como del pol\u00edtico, del diputado, est\u00e1 muy desgastada\u2026 no se duda que su secretario de Seguridad P\u00fablica tenga muchas ganas de darle otra cara a sus uniformados, y creo que lo est\u00e1 haciendo bien siendo receptivo, abri\u00e9ndose a la proximidad, fomentando una cultura de respeto a las instituciones de fuerza y seguridad, pero tambi\u00e9n est\u00e1 el otro lado: se debe ser rec\u00edproco con el ciudadano\u2026 el respeto se gana con acciones, no con miedo\u2026 y s\u00ed, parece broma, pero desde que se aplica el Delito de Ultrajes, el delito de Abuso de Autoridad disminuy\u00f3\u2026 piensen el porqu\u00e9\u2026<\/p>\n\n\n\n<p>No discuto con quienes ven en Cuitl\u00e1huac a un hombre bueno\u2026 s\u00ed, puede ser, puede que sea bueno, pero con sus arrebatos, desplantes, necedades y esos aires veleidosos, lo acercan m\u00e1s a un autoritarismo de los buenos\u2026<\/p>\n\n\n\n<p><a>smcainito@gmail.com<\/a><\/p>\n","protected":false},"excerpt":{"rendered":"<p>Los Pol\u00edticos Salvador Mu\u00f1oz Pensemos, como dicen muchos de sus bien querientes, que en Cuitl\u00e1huac hay un hombre bueno, de buenas intenciones, aun en esos desplantes contra la Comisi\u00f3n Nacional de Derechos Humanos as\u00ed como en sus pretensiones de mandar otra iniciativa que \u201cproteja\u201d a sus Polic\u00edas a pesar de que la Suprema Corte de [&hellip;]<\/p>\n","protected":false},"author":1,"featured_media":387,"comment_status":"open","ping_status":"open","sticky":false,"template":"","format":"standard","meta":{"_jetpack_memberships_contains_paid_content":false,"footnotes":""},"categories":[11],"tags":[],"class_list":["post-24146","post","type-post","status-publish","format-standard","has-post-thumbnail","hentry","category-opinion"],"jetpack_featured_media_url":"https:\/\/encuentroinformativo.com.mx\/wp-content\/uploads\/2020\/03\/7CF8A22B-2764-47BE-8F7F-38FE9E5D6A2F.jpeg","jetpack_sharing_enabled":true,"jetpack_likes_enabled":true,"amp_enabled":true,"_links":{"self":[{"href":"https:\/\/encuentroinformativo.com.mx\/index.php?rest_route=\/wp\/v2\/posts\/24146","targetHints":{"allow":["GET"]}}],"collection":[{"href":"https:\/\/encuentroinformativo.com.mx\/index.php?rest_route=\/wp\/v2\/posts"}],"about":[{"href":"https:\/\/encuentroinformativo.com.mx\/index.php?rest_route=\/wp\/v2\/types\/post"}],"author":[{"embeddable":true,"href":"https:\/\/encuentroinformativo.com.mx\/index.php?rest_route=\/wp\/v2\/users\/1"}],"replies":[{"embeddable":true,"href":"https:\/\/encuentroinformativo.com.mx\/index.php?rest_route=%2Fwp%2Fv2%2Fcomments&post=24146"}],"version-history":[{"count":1,"href":"https:\/\/encuentroinformativo.com.mx\/index.php?rest_route=\/wp\/v2\/posts\/24146\/revisions"}],"predecessor-version":[{"id":24147,"href":"https:\/\/encuentroinformativo.com.mx\/index.php?rest_route=\/wp\/v2\/posts\/24146\/revisions\/24147"}],"wp:featuredmedia":[{"embeddable":true,"href":"https:\/\/encuentroinformativo.com.mx\/index.php?rest_route=\/wp\/v2\/media\/387"}],"wp:attachment":[{"href":"https:\/\/encuentroinformativo.com.mx\/index.php?rest_route=%2Fwp%2Fv2%2Fmedia&parent=24146"}],"wp:term":[{"taxonomy":"category","embeddable":true,"href":"https:\/\/encuentroinformativo.com.mx\/index.php?rest_route=%2Fwp%2Fv2%2Fcategories&post=24146"},{"taxonomy":"post_tag","embeddable":true,"href":"https:\/\/encuentroinformativo.com.mx\/index.php?rest_route=%2Fwp%2Fv2%2Ftags&post=24146"}],"curies":[{"name":"wp","href":"https:\/\/api.w.org\/{rel}","templated":true}]}}