{"id":24148,"date":"2022-03-02T09:16:56","date_gmt":"2022-03-02T15:16:56","guid":{"rendered":"https:\/\/encuentroinformativo.com.mx\/?p=24148"},"modified":"2022-03-02T09:16:59","modified_gmt":"2022-03-02T15:16:59","slug":"magistrados-del-tev-se-inscriben-para-integrar-sala-regional-del-tepjf","status":"publish","type":"post","link":"https:\/\/encuentroinformativo.com.mx\/?p=24148","title":{"rendered":"Magistrados del TEV se inscriben para integrar Sala Regional del TEPJF"},"content":{"rendered":"\n<p><strong>Alejandro \u00c1vila<\/strong><\/p>\n\n\n\n<p>Veracruz, Ver.- Los Magistrados, Tania Celina V\u00e1zquez Mu\u00f1oz y Roberto Eduardo Sigala Aguilar, se inscribieron al concurso para integrar la terna al cargo de, Magistrado de la Sala Regional del Tribunal Electoral del Poder Judicial de la Federaci\u00f3n (TEPJF).<\/p>\n\n\n\n<p>Roberto Sigala figura en la primera posici\u00f3n de los inscritos, mientras que Tania V\u00e1zquez en el lugar 99.<\/p>\n\n\n\n<p>Es de mencionar que, apenas este martes en la C\u00e1mara de Diputados Federal, la Senadora panista, Indira Rosales San Rom\u00e1n, en compa\u00f1\u00eda de los diputados Maryjose Gamboa y Carlos Valenzuela, solicit\u00f3 un juicio pol\u00edtico en su contra, debido a las irregularidades cometidas en su actual cargo del Tribunal Electoral de Veracruz (TEV).<\/p>\n\n\n\n<p>Este registro ser\u00e1 presentado ante la Suprema Corte de Justicia de la Naci\u00f3n (SCJN) quienes realizar\u00e1 el primer filtro y posteriormente, pasar\u00e1n los datos de qui\u00e9nes logren superarlo al Senado de la Rep\u00fablica, los cuales decidir\u00e1n la terna final.<\/p>\n\n\n\n<p>Tania V\u00e1zquez Mu\u00f1oz y Roberto Sigala Aguilar, han sido se\u00f1alados en diversas ocasiones, de servilismo ante Gobierno del Estado, y peor a\u00fan, de mala praxis jur\u00eddica, pues en 10 ocasiones, la sala Regional de Xalapa y y la Sala Superior del Poder Judicial de la Federaci\u00f3n les han revocado sentencias.<\/p>\n","protected":false},"excerpt":{"rendered":"<p>Alejandro \u00c1vila Veracruz, Ver.- Los Magistrados, Tania Celina V\u00e1zquez Mu\u00f1oz y Roberto Eduardo Sigala Aguilar, se inscribieron al concurso para integrar la terna al cargo de, Magistrado de la Sala Regional del Tribunal Electoral del Poder Judicial de la Federaci\u00f3n (TEPJF). Roberto Sigala figura en la primera posici\u00f3n de los inscritos, mientras que Tania V\u00e1zquez [&hellip;]<\/p>\n","protected":false},"author":1,"featured_media":24149,"comment_status":"open","ping_status":"open","sticky":false,"template":"","format":"standard","meta":{"_jetpack_memberships_contains_paid_content":false,"footnotes":""},"categories":[2],"tags":[],"class_list":["post-24148","post","type-post","status-publish","format-standard","has-post-thumbnail","hentry","category-estado"],"jetpack_featured_media_url":"https:\/\/encuentroinformativo.com.mx\/wp-content\/uploads\/2022\/03\/59A1A2B5-93C7-4394-A117-E19B0AB741B5.jpeg","jetpack_sharing_enabled":true,"jetpack_likes_enabled":true,"amp_enabled":true,"_links":{"self":[{"href":"https:\/\/encuentroinformativo.com.mx\/index.php?rest_route=\/wp\/v2\/posts\/24148","targetHints":{"allow":["GET"]}}],"collection":[{"href":"https:\/\/encuentroinformativo.com.mx\/index.php?rest_route=\/wp\/v2\/posts"}],"about":[{"href":"https:\/\/encuentroinformativo.com.mx\/index.php?rest_route=\/wp\/v2\/types\/post"}],"author":[{"embeddable":true,"href":"https:\/\/encuentroinformativo.com.mx\/index.php?rest_route=\/wp\/v2\/users\/1"}],"replies":[{"embeddable":true,"href":"https:\/\/encuentroinformativo.com.mx\/index.php?rest_route=%2Fwp%2Fv2%2Fcomments&post=24148"}],"version-history":[{"count":1,"href":"https:\/\/encuentroinformativo.com.mx\/index.php?rest_route=\/wp\/v2\/posts\/24148\/revisions"}],"predecessor-version":[{"id":24150,"href":"https:\/\/encuentroinformativo.com.mx\/index.php?rest_route=\/wp\/v2\/posts\/24148\/revisions\/24150"}],"wp:featuredmedia":[{"embeddable":true,"href":"https:\/\/encuentroinformativo.com.mx\/index.php?rest_route=\/wp\/v2\/media\/24149"}],"wp:attachment":[{"href":"https:\/\/encuentroinformativo.com.mx\/index.php?rest_route=%2Fwp%2Fv2%2Fmedia&parent=24148"}],"wp:term":[{"taxonomy":"category","embeddable":true,"href":"https:\/\/encuentroinformativo.com.mx\/index.php?rest_route=%2Fwp%2Fv2%2Fcategories&post=24148"},{"taxonomy":"post_tag","embeddable":true,"href":"https:\/\/encuentroinformativo.com.mx\/index.php?rest_route=%2Fwp%2Fv2%2Ftags&post=24148"}],"curies":[{"name":"wp","href":"https:\/\/api.w.org\/{rel}","templated":true}]}}