{"id":24154,"date":"2022-03-02T11:36:10","date_gmt":"2022-03-02T17:36:10","guid":{"rendered":"https:\/\/encuentroinformativo.com.mx\/?p=24154"},"modified":"2022-03-02T11:36:14","modified_gmt":"2022-03-02T17:36:14","slug":"fallece-ex-secretario-de-salud-mauro-loyo","status":"publish","type":"post","link":"https:\/\/encuentroinformativo.com.mx\/?p=24154","title":{"rendered":"Fallece ex secretario de Salud, Mauro Loyo"},"content":{"rendered":"\n<p><strong>Alejandro \u00c1vila<\/strong><\/p>\n\n\n\n<p>Veracruz, Ver.- El neurocirujano, Mauro Loyo Varela, secretario de Salud durante el sexenio del gobernador Miguel Alem\u00e1n Velasco, falleci\u00f3 la ma\u00f1ana de este mi\u00e9rcoles 2 de marzo, confirmaron personas allegadas cercanas a la familia.<\/p>\n\n\n\n<p>El m\u00e9dico reconocido mundialmente, hab\u00eda cumplido en diciembre pasado 80 a\u00f1os de edad, y durante las \u00faltimas semanas se encontraba delicado de salud, en el hospital privado del Puerto de Veracruz, La Beneficencia Espa\u00f1ola.<\/p>\n\n\n\n<p>Loyo Varela fue m\u00e9dico personal del ex gobernador Miguel Alem\u00e1n Velazco, y tambi\u00e9n se desempe\u00f1o como presidente de la Federaci\u00f3n Latinoamericana de Neurocirug\u00eda; el galeno fue egresado de la Facultad de Medicina de la Universidad Veracruzana (UV).<\/p>\n\n\n\n<p>Mauro Loyo, qui\u00e9n hizo una especialidad durante 6 a\u00f1os en el Centro M\u00e9dico Nacional, obtuvo una beca por parte del Instituto Mexicano del Seguro Social (IMSS) para capacitarse en diversos pa\u00edses, entre los que destacan Inglaterra, Suiza, Estados Unidos, Canad\u00e1, Alemania y Suecia.<\/p>\n\n\n\n<p>Entre sus logros profesionales destacan, el jefe m\u00e1s joven en el Centro M\u00e9dico Nacional en el a\u00f1o 1967; adem\u00e1s de ser el presidente de la Academia Mexicana de Cirug\u00eda, destacando como el \u00fanico presidente de provincia y que no ha sido egresado de la UNAM.<\/p>\n","protected":false},"excerpt":{"rendered":"<p>Alejandro \u00c1vila Veracruz, Ver.- El neurocirujano, Mauro Loyo Varela, secretario de Salud durante el sexenio del gobernador Miguel Alem\u00e1n Velasco, falleci\u00f3 la ma\u00f1ana de este mi\u00e9rcoles 2 de marzo, confirmaron personas allegadas cercanas a la familia. El m\u00e9dico reconocido mundialmente, hab\u00eda cumplido en diciembre pasado 80 a\u00f1os de edad, y durante las \u00faltimas semanas se [&hellip;]<\/p>\n","protected":false},"author":1,"featured_media":24155,"comment_status":"open","ping_status":"open","sticky":false,"template":"","format":"standard","meta":{"_jetpack_memberships_contains_paid_content":false,"footnotes":""},"categories":[2],"tags":[],"class_list":["post-24154","post","type-post","status-publish","format-standard","has-post-thumbnail","hentry","category-estado"],"jetpack_featured_media_url":"https:\/\/encuentroinformativo.com.mx\/wp-content\/uploads\/2022\/03\/280E939D-B3A2-4F1D-B99C-CA285112DC5F.jpeg","jetpack_sharing_enabled":true,"jetpack_likes_enabled":true,"amp_enabled":true,"_links":{"self":[{"href":"https:\/\/encuentroinformativo.com.mx\/index.php?rest_route=\/wp\/v2\/posts\/24154","targetHints":{"allow":["GET"]}}],"collection":[{"href":"https:\/\/encuentroinformativo.com.mx\/index.php?rest_route=\/wp\/v2\/posts"}],"about":[{"href":"https:\/\/encuentroinformativo.com.mx\/index.php?rest_route=\/wp\/v2\/types\/post"}],"author":[{"embeddable":true,"href":"https:\/\/encuentroinformativo.com.mx\/index.php?rest_route=\/wp\/v2\/users\/1"}],"replies":[{"embeddable":true,"href":"https:\/\/encuentroinformativo.com.mx\/index.php?rest_route=%2Fwp%2Fv2%2Fcomments&post=24154"}],"version-history":[{"count":1,"href":"https:\/\/encuentroinformativo.com.mx\/index.php?rest_route=\/wp\/v2\/posts\/24154\/revisions"}],"predecessor-version":[{"id":24156,"href":"https:\/\/encuentroinformativo.com.mx\/index.php?rest_route=\/wp\/v2\/posts\/24154\/revisions\/24156"}],"wp:featuredmedia":[{"embeddable":true,"href":"https:\/\/encuentroinformativo.com.mx\/index.php?rest_route=\/wp\/v2\/media\/24155"}],"wp:attachment":[{"href":"https:\/\/encuentroinformativo.com.mx\/index.php?rest_route=%2Fwp%2Fv2%2Fmedia&parent=24154"}],"wp:term":[{"taxonomy":"category","embeddable":true,"href":"https:\/\/encuentroinformativo.com.mx\/index.php?rest_route=%2Fwp%2Fv2%2Fcategories&post=24154"},{"taxonomy":"post_tag","embeddable":true,"href":"https:\/\/encuentroinformativo.com.mx\/index.php?rest_route=%2Fwp%2Fv2%2Ftags&post=24154"}],"curies":[{"name":"wp","href":"https:\/\/api.w.org\/{rel}","templated":true}]}}