{"id":24157,"date":"2022-03-02T11:40:17","date_gmt":"2022-03-02T17:40:17","guid":{"rendered":"https:\/\/encuentroinformativo.com.mx\/?p=24157"},"modified":"2022-03-02T11:40:20","modified_gmt":"2022-03-02T17:40:20","slug":"sigue-pugna-por-dirigencia-del-pan-piden-lider-interino","status":"publish","type":"post","link":"https:\/\/encuentroinformativo.com.mx\/?p=24157","title":{"rendered":"Sigue pugna por dirigencia del PAN, piden l\u00edder interino"},"content":{"rendered":"\n<p><strong>Dar\u00edo Pale <\/strong><\/p>\n\n\n\n<p>Xalapa, Ver.- Volver\u00eda el presidente interino al Comit\u00e9 Directivo Estatal (CDE), del Partido Acci\u00f3n Nacional (PAN), mientras se resuelve la impugnaci\u00f3n y se llevan a cabo las elecciones extraordinarias, y acusaron que Federico Salom\u00f3n est\u00e1 usurpando funciones.<\/p>\n\n\n\n<p>En conferencia de prensa el candidato a la dirigencia estatal Joaqu\u00edn Rosendo Guzm\u00e1n  Avil\u00e9s, record\u00f3 que debido a que se violent\u00f3 la convocatoria el Tribunal Electoral de Veracruz (TEV) ech\u00f3 abajo la elecci\u00f3n interna.<\/p>\n\n\n\n<p>Insisti\u00f3 en que los integrantes del Comit\u00e9 que nombr\u00f3 hace algunas semanas Federico Salom\u00f3n est\u00e1 usurpando funciones, ya que el Tribunal dej\u00f3 sin efecto la elecci\u00f3n.<\/p>\n\n\n\n<p>&#8220;Es como cualquier otra situaci\u00f3n de un servidor p\u00fablico, est\u00e1n usurpando una funci\u00f3n, por lo tanto es un delito, porque esos recursos que llegan son p\u00fablicos y por eso tambi\u00e9n estamos viendo que no act\u00faen sin tener facultades&#8221;, se\u00f1al\u00f3.<\/p>\n\n\n\n<p>Agreg\u00f3 que al hacerse la sustituci\u00f3n por la detenci\u00f3n de Tito Delf\u00edn, a Federico Salom\u00f3n no le hubiera dado tiempo de recabar el 10 por ciento de las firmas de los militantes para ser candidato, ya que las que hab\u00eda obtenido Delf\u00edn eran intransferibles.<\/p>\n\n\n\n<p>Este s\u00e1bado la Comisi\u00f3n Organizadora Electoral del Comit\u00e9 Ejecutivo Nacional sesionar\u00e1 para decidir qui\u00e9n se har\u00e1 cargo del Partido, pero Guzman Avil\u00e9s explic\u00f3 que el expresidente interino, Wilebaldo Garc\u00eda Zenil, solicit\u00f3 al CEN hacerse cargo del Partido.<\/p>\n\n\n\n<p>&#8220;La Comisi\u00f3n Organizadora Electoral ya mand\u00f3 una justificaci\u00f3n y va a sesionar este s\u00e1bado en consideraci\u00f3n por lo que sucedi\u00f3 con el TEV, como el Tribunal deja sin efecto la elecci\u00f3n obviamente no hay Comit\u00e9 Estatal en Veracruz&#8221;, puntualiz\u00f3.<\/p>\n\n\n\n<p>Record\u00f3 que el pasado 7 de diciembre Garc\u00eda Zenil estaba al frente del instituto pol\u00edtico y eso lo decidir\u00e1 el CEN, con el objetivo de esperar el fallo de la Sala Regional y que haya quien dirija el Partido para el proceso electoral extraordinario en los cuatro municipios.<\/p>\n\n\n\n<p>Dijo estar de acuerdo en que Garc\u00eda Zenil quede como presidente interino, ya que podr\u00edan pasar varios meses antes de que la Sala Regional resuelva.<\/p>\n","protected":false},"excerpt":{"rendered":"<p>Dar\u00edo Pale Xalapa, Ver.- Volver\u00eda el presidente interino al Comit\u00e9 Directivo Estatal (CDE), del Partido Acci\u00f3n Nacional (PAN), mientras se resuelve la impugnaci\u00f3n y se llevan a cabo las elecciones extraordinarias, y acusaron que Federico Salom\u00f3n est\u00e1 usurpando funciones. En conferencia de prensa el candidato a la dirigencia estatal Joaqu\u00edn Rosendo Guzm\u00e1n Avil\u00e9s, record\u00f3 que [&hellip;]<\/p>\n","protected":false},"author":1,"featured_media":24158,"comment_status":"open","ping_status":"open","sticky":false,"template":"","format":"standard","meta":{"_jetpack_memberships_contains_paid_content":false,"footnotes":""},"categories":[2],"tags":[],"class_list":["post-24157","post","type-post","status-publish","format-standard","has-post-thumbnail","hentry","category-estado"],"jetpack_featured_media_url":"https:\/\/encuentroinformativo.com.mx\/wp-content\/uploads\/2022\/03\/BBB1BFEB-7306-4820-94D5-9F9BCB085751.jpeg","jetpack_sharing_enabled":true,"jetpack_likes_enabled":true,"amp_enabled":true,"_links":{"self":[{"href":"https:\/\/encuentroinformativo.com.mx\/index.php?rest_route=\/wp\/v2\/posts\/24157","targetHints":{"allow":["GET"]}}],"collection":[{"href":"https:\/\/encuentroinformativo.com.mx\/index.php?rest_route=\/wp\/v2\/posts"}],"about":[{"href":"https:\/\/encuentroinformativo.com.mx\/index.php?rest_route=\/wp\/v2\/types\/post"}],"author":[{"embeddable":true,"href":"https:\/\/encuentroinformativo.com.mx\/index.php?rest_route=\/wp\/v2\/users\/1"}],"replies":[{"embeddable":true,"href":"https:\/\/encuentroinformativo.com.mx\/index.php?rest_route=%2Fwp%2Fv2%2Fcomments&post=24157"}],"version-history":[{"count":1,"href":"https:\/\/encuentroinformativo.com.mx\/index.php?rest_route=\/wp\/v2\/posts\/24157\/revisions"}],"predecessor-version":[{"id":24159,"href":"https:\/\/encuentroinformativo.com.mx\/index.php?rest_route=\/wp\/v2\/posts\/24157\/revisions\/24159"}],"wp:featuredmedia":[{"embeddable":true,"href":"https:\/\/encuentroinformativo.com.mx\/index.php?rest_route=\/wp\/v2\/media\/24158"}],"wp:attachment":[{"href":"https:\/\/encuentroinformativo.com.mx\/index.php?rest_route=%2Fwp%2Fv2%2Fmedia&parent=24157"}],"wp:term":[{"taxonomy":"category","embeddable":true,"href":"https:\/\/encuentroinformativo.com.mx\/index.php?rest_route=%2Fwp%2Fv2%2Fcategories&post=24157"},{"taxonomy":"post_tag","embeddable":true,"href":"https:\/\/encuentroinformativo.com.mx\/index.php?rest_route=%2Fwp%2Fv2%2Ftags&post=24157"}],"curies":[{"name":"wp","href":"https:\/\/api.w.org\/{rel}","templated":true}]}}